{"id":20931,"date":"1969-04-18T16:22:31","date_gmt":"1969-04-18T21:22:31","guid":{"rendered":"https:\/\/www.javeriana.edu.co\/repositorio-hoy-en-la-javeriana\/?p=20931"},"modified":"2022-01-19T16:29:02","modified_gmt":"2022-01-19T21:29:02","slug":"programa-contigo","status":"publish","type":"post","link":"https:\/\/www.javeriana.edu.co\/repositorio-hoy-en-la-javeriana\/programa-contigo\/","title":{"rendered":"\u00abPrograma Contigo\u00bb"},"content":{"rendered":"<p>En los barrios Ciudad Jard\u00edn del Norte e Ingl\u00e9s, de Bogot\u00e1, se vienen des arrollando programas de ayuda social. Pr\u00f3ximamente se organizar\u00e1 un campamento universitario con participaci\u00f3n de estudiantes de dos universidades norteamericanas. Tomar\u00e1n un curso de entrenamiento como voluntarios, lo cual es requisito para participar en el campamento.<\/p>\n<p>Han ingresado diferentes universidades de Bogot\u00e1, entre ellas la Javeriana. La Asociaci\u00f3n Cristiana de J\u00f3venes (A.C.J.) pide la colaboraci\u00f3n de nuestro estudiantado para este evento.<\/p>\n<p>El campamento se inicia el 14 de junio y finaliza el 22 de Julio.<\/p>\n","protected":false},"excerpt":{"rendered":"<p>En los barrios Ciudad Jard\u00edn del Norte e Ingl\u00e9s, de Bogot\u00e1, se vienen des arrollando programas de ayuda social. Pr\u00f3ximamente se organizar\u00e1 un campamento universitario con participaci\u00f3n de estudiantes de dos universidades norteamericanas. Tomar\u00e1n un curso de entrenamiento como voluntarios, lo cual es requisito para participar en el campamento. Han ingresado diferentes universidades de Bogot\u00e1, entre ellas la Javeriana. La Asociaci\u00f3n Cristiana de J\u00f3venes (A.C.J.) pide la colaboraci\u00f3n de nuestro estudiantado para este evento. El campamento se inicia el 14 de junio y finaliza el 22 de Julio.<\/p>\n","protected":false},"author":1,"featured_media":20876,"comment_status":"closed","ping_status":"closed","sticky":false,"template":"","format":"standard","meta":{"footnotes":""},"categories":[105],"tags":[21613,21627,21629,472,21628,8599,2872,2639,21626],"class_list":["post-20931","post","type-post","status-publish","format-standard","has-post-thumbnail","hentry","category-institucional","tag-abril-1969","tag-ano-8-n-383","tag-asociacion-cristiana-de-jovenes","tag-bogota","tag-ciudad-jardin-del-norte","tag-escuela-de-ciencias-de-la-comunicacion-social","tag-javeriana","tag-pontificia-universidad-javeriana","tag-programa-contigo"],"acf":[],"_links":{"self":[{"href":"https:\/\/www.javeriana.edu.co\/repositorio-hoy-en-la-javeriana\/wp-json\/wp\/v2\/posts\/20931","targetHints":{"allow":["GET"]}}],"collection":[{"href":"https:\/\/www.javeriana.edu.co\/repositorio-hoy-en-la-javeriana\/wp-json\/wp\/v2\/posts"}],"about":[{"href":"https:\/\/www.javeriana.edu.co\/repositorio-hoy-en-la-javeriana\/wp-json\/wp\/v2\/types\/post"}],"author":[{"embeddable":true,"href":"https:\/\/www.javeriana.edu.co\/repositorio-hoy-en-la-javeriana\/wp-json\/wp\/v2\/users\/1"}],"replies":[{"embeddable":true,"href":"https:\/\/www.javeriana.edu.co\/repositorio-hoy-en-la-javeriana\/wp-json\/wp\/v2\/comments?post=20931"}],"version-history":[{"count":1,"href":"https:\/\/www.javeriana.edu.co\/repositorio-hoy-en-la-javeriana\/wp-json\/wp\/v2\/posts\/20931\/revisions"}],"predecessor-version":[{"id":20932,"href":"https:\/\/www.javeriana.edu.co\/repositorio-hoy-en-la-javeriana\/wp-json\/wp\/v2\/posts\/20931\/revisions\/20932"}],"wp:featuredmedia":[{"embeddable":true,"href":"https:\/\/www.javeriana.edu.co\/repositorio-hoy-en-la-javeriana\/wp-json\/wp\/v2\/media\/20876"}],"wp:attachment":[{"href":"https:\/\/www.javeriana.edu.co\/repositorio-hoy-en-la-javeriana\/wp-json\/wp\/v2\/media?parent=20931"}],"wp:term":[{"taxonomy":"category","embeddable":true,"href":"https:\/\/www.javeriana.edu.co\/repositorio-hoy-en-la-javeriana\/wp-json\/wp\/v2\/categories?post=20931"},{"taxonomy":"post_tag","embeddable":true,"href":"https:\/\/www.javeriana.edu.co\/repositorio-hoy-en-la-javeriana\/wp-json\/wp\/v2\/tags?post=20931"}],"curies":[{"name":"wp","href":"https:\/\/api.w.org\/{rel}","templated":true}]}}