{"id":2118,"date":"1974-03-11T09:46:11","date_gmt":"1974-03-11T14:46:11","guid":{"rendered":"https:\/\/masifica.co\/hoyenlajaveriana\/?p=2118"},"modified":"2019-05-06T09:49:30","modified_gmt":"2019-05-06T14:49:30","slug":"publicaciones-7","status":"publish","type":"post","link":"https:\/\/www.javeriana.edu.co\/repositorio-hoy-en-la-javeriana\/publicaciones-7\/","title":{"rendered":"Publicaciones"},"content":{"rendered":"<p>&#8211; Los Institutos Human\u00edsticos de Investigaci\u00f3n de la Universidad Cat\u00f3lica \u00abAndr\u00e9s Bello\u00bb de Caracas, editaron la traducci\u00f3n al castellano de 70 poemas originales del poeta griego contempor\u00e1neo Giorgos Seferis. La traducci\u00f3n fue hecha del original griego por el P. Manual Briceno J\u00e1uregui, S.J., Profesor de la Universidad Javeriana y miembro de la Academia Colombiana de la Lengua.<\/p>\n<p>&#8211; Apareci\u00f3 en noviembre de 1973, el No. 45 de la Revista Universitas, publicaci\u00f3n de la Facultad de Ciencias Jur\u00eddicas y Socio-econ\u00f3micas de la Universidad Javeriana.<\/p>\n<p>&#8211; Los n\u00fameros 5 y 6 de la Revista Universitas Human\u00edstica, publicaci\u00f3n de la Facultad de Filosof\u00eda y Letras de la Universidad Javeriana, fueron puestos en circulaci\u00f3n en el mes de Diciembre del a\u00f1o pasado.<\/p>\n<p>&#8211; Revista Javeriana, como siempre con rico contenido ideol\u00f3gico de actualidad, ha publicado los dos primeros n\u00fameros del presente a\u00f1o, con una nueva presentaci\u00f3n y dise\u00f1o, tanto de la portada como de las p\u00e1ginas interiores. Las ilustraciones gr\u00e1ficas, acordes con las m\u00e1s modernas t\u00e9cnicas, constituyen un nuevo atractivo para los lectores. \u00abHoy en la Javeriana\u00bb felicita a los miembros del nuevo equipo de direcci\u00f3n.<\/p>\n<p>&#8211; Nueva edici\u00f3n de TRAZADO-I (Dibujo Geom\u00e9trico, Perspectiva y Proyecciones), ha aparecido, a cargo del Dr. Augusto Rodr\u00edguez, Profesor de la Facultad de Electr\u00f3nica de la Universidad Javeriana.<\/p>\n","protected":false},"excerpt":{"rendered":"<p>&#8211; Los Institutos Human\u00edsticos de Investigaci\u00f3n de la Universidad Cat\u00f3lica \u00abAndr\u00e9s Bello\u00bb de Caracas, editaron la traducci\u00f3n al castellano de 70 poemas originales del poeta griego contempor\u00e1neo Giorgos Seferis. La traducci\u00f3n fue hecha del original griego por el P. Manual Briceno J\u00e1uregui, S.J., Profesor de la Universidad Javeriana y miembro de la Academia Colombiana de la Lengua. &#8211; Apareci\u00f3 en noviembre de 1973, el No. 45 de la Revista Universitas, publicaci\u00f3n de la Facultad de Ciencias Jur\u00eddicas y Socio-econ\u00f3micas de la Universidad Javeriana. &#8211; Los n\u00fameros 5 y 6 de la Revista Universitas Human\u00edstica, publicaci\u00f3n de la Facultad de Filosof\u00eda y Letras de la Universidad Javeriana, fueron puestos en circulaci\u00f3n en el mes de Diciembre del a\u00f1o pasado. &#8211; Revista[&hellip;]<\/p>\n","protected":false},"author":1,"featured_media":1866,"comment_status":"closed","ping_status":"closed","sticky":false,"template":"","format":"standard","meta":{"footnotes":""},"categories":[105],"tags":[2523,2536,2538,2522,941,2539,1009,2533,2535,2521,2534,935,908,2537,2532],"class_list":["post-2118","post","type-post","status-publish","format-standard","has-post-thumbnail","hentry","category-institucional","tag-2523","tag-academia-colombiana-de-la-lengua","tag-augusto-rodriguez","tag-edicion-531","tag-facultad-de-ciencias-juridicas-y-socio-economicas","tag-facultad-de-electronica","tag-facultad-de-filosofia-y-letras","tag-giorgos-seferis","tag-manual-briceno-jauregui","tag-marzo-1974","tag-p-manual-briceno-jauregui","tag-publicaciones","tag-revista-javeriana","tag-revista-universitas-humanistica","tag-universidad-catolica-andres-bello-de-caracas"],"acf":[],"_links":{"self":[{"href":"https:\/\/www.javeriana.edu.co\/repositorio-hoy-en-la-javeriana\/wp-json\/wp\/v2\/posts\/2118","targetHints":{"allow":["GET"]}}],"collection":[{"href":"https:\/\/www.javeriana.edu.co\/repositorio-hoy-en-la-javeriana\/wp-json\/wp\/v2\/posts"}],"about":[{"href":"https:\/\/www.javeriana.edu.co\/repositorio-hoy-en-la-javeriana\/wp-json\/wp\/v2\/types\/post"}],"author":[{"embeddable":true,"href":"https:\/\/www.javeriana.edu.co\/repositorio-hoy-en-la-javeriana\/wp-json\/wp\/v2\/users\/1"}],"replies":[{"embeddable":true,"href":"https:\/\/www.javeriana.edu.co\/repositorio-hoy-en-la-javeriana\/wp-json\/wp\/v2\/comments?post=2118"}],"version-history":[{"count":1,"href":"https:\/\/www.javeriana.edu.co\/repositorio-hoy-en-la-javeriana\/wp-json\/wp\/v2\/posts\/2118\/revisions"}],"predecessor-version":[{"id":23288,"href":"https:\/\/www.javeriana.edu.co\/repositorio-hoy-en-la-javeriana\/wp-json\/wp\/v2\/posts\/2118\/revisions\/23288"}],"wp:featuredmedia":[{"embeddable":true,"href":"https:\/\/www.javeriana.edu.co\/repositorio-hoy-en-la-javeriana\/wp-json\/wp\/v2\/media\/1866"}],"wp:attachment":[{"href":"https:\/\/www.javeriana.edu.co\/repositorio-hoy-en-la-javeriana\/wp-json\/wp\/v2\/media?parent=2118"}],"wp:term":[{"taxonomy":"category","embeddable":true,"href":"https:\/\/www.javeriana.edu.co\/repositorio-hoy-en-la-javeriana\/wp-json\/wp\/v2\/categories?post=2118"},{"taxonomy":"post_tag","embeddable":true,"href":"https:\/\/www.javeriana.edu.co\/repositorio-hoy-en-la-javeriana\/wp-json\/wp\/v2\/tags?post=2118"}],"curies":[{"name":"wp","href":"https:\/\/api.w.org\/{rel}","templated":true}]}}