{"id":22287,"date":"2020-08-01T08:21:01","date_gmt":"2020-08-01T13:21:01","guid":{"rendered":"https:\/\/www.javeriana.edu.co\/repositorio-hoy-en-la-javeriana\/?p=22287"},"modified":"2025-07-18T22:25:21","modified_gmt":"2025-07-19T03:25:21","slug":"la-javeriana-una-universidad-para-ser","status":"publish","type":"post","link":"https:\/\/www.javeriana.edu.co\/repositorio-hoy-en-la-javeriana\/la-javeriana-una-universidad-para-ser\/","title":{"rendered":"La Javeriana: una universidad para ser"},"content":{"rendered":"<figure id=\"attachment_22288\" aria-describedby=\"caption-attachment-22288\" style=\"width: 500px\" class=\"wp-caption aligncenter\"><img loading=\"lazy\" decoding=\"async\" class=\"size-medium wp-image-22288\" src=\"https:\/\/www.javeriana.edu.co\/repositorio-hoy-en-la-javeriana\/wp-content\/uploads\/2022\/07\/Estudiantes-min-500x225.png\" alt=\"Estudiantes javerianos compartiendo la vida\" width=\"500\" height=\"225\" srcset=\"https:\/\/www.javeriana.edu.co\/repositorio-hoy-en-la-javeriana\/wp-content\/uploads\/2022\/07\/Estudiantes-min-500x225.png 500w, https:\/\/www.javeriana.edu.co\/repositorio-hoy-en-la-javeriana\/wp-content\/uploads\/2022\/07\/Estudiantes-min.png 597w\" sizes=\"auto, (max-width: 500px) 100vw, 500px\" \/><figcaption id=\"caption-attachment-22288\" class=\"wp-caption-text\">Estudiantes javerianos compartiendo la vida<\/figcaption><\/figure>\n<blockquote><p>\u201cEstimado neojaveriano, \u00a1Felicitaciones!\u00a0 Aqu\u00ed comienza el viaje a tu futuro. Tenemos el gusto de informarte que has sido admitido a tu programa acad\u00e9mico. Bienvenido a la Pontificia Universidad Javeriana\u201d.<\/p><\/blockquote>\n<p>Son dos o tres las veces que se lee aquel correo antes de saltar de alegr\u00eda y correr a enunciar la buena nueva. Y no es para menos. Ha llegado el comienzo de una nueva etapa, de una transici\u00f3n vital, definitoria para el sue\u00f1o y la realizaci\u00f3n del ser. La vida universitaria, sin duda, es un tiempo de gran valor, de grandes descubrimientos, apertura, cuestionamientos y proyecciones para las personas. Se trata de una etapa vital que, en s\u00ed misma, contiene diferentes periodos conforme se avanza en el proceso de formaci\u00f3n. Semestre tras semestre, los estudiantes adquieren para s\u00ed herramientas de diversa \u00edndole que los encaminan hacia la profesionalidad y la vida adulta.<\/p>\n<blockquote><p>Acompa\u00f1amiento que promueve y fortalece la formaci\u00f3n integral de los futuros profesionales javerianos.<\/p><\/blockquote>\n<p>A los estudiantes que cursan el primer periodo de la vida universitaria, que dentro del Modelo de Desarrollo Estudiantil hace referencia al 30% del proceso acad\u00e9mico (primer a tercer semestre), se los ha reconocido como \u201cneojaverianos\u201d. En su inmensa mayor\u00eda son j\u00f3venes que han culminado sus estudios bachilleres y su edad oscila entre los 16 y los 19 a\u00f1os; son personas con diferentes inquietudes, capacidades, gustos y pasiones; de distintas procedencias y con trayectorias vitales singulares.<\/p>\n<p>Ahora bien, pensar en estos estudiantes implica reconocer que, en el complejo proceso de transici\u00f3n del colegio a la universidad, tras las alegr\u00edas y las ilusiones, tambi\u00e9n reposan una serie de desaf\u00edos relacionados con las din\u00e1micas de un contexto hasta entonces desconocido: \u201cUno en primer semestre tiene muchos retos. Yo pensar\u00eda que sin saber c\u00f3mo van a ser los otros semestres, este va a ser el m\u00e1s dif\u00edcil, porque es un proceso de adaptaci\u00f3n a otras cosas\u201d, manifiesta un estudiante neojaveriano de la Facultad de Ingenier\u00eda.<\/p>\n<p>En este sentido, en el proceso de adaptaci\u00f3n a la vida universitaria, el manejo de las nuevas responsabilidades, la construcci\u00f3n de v\u00ednculos con los pares, el reconocimiento del contexto universitario y la ratificaci\u00f3n del proyecto de vida y su sentido, forman parte de aquellos factores predominantes que se evidencian con intensidad durante este primer lapso vital. La forma<br \/>\nen c\u00f3mo se desarrollan estos elementos en las trayectorias de los neojaverianos son condicionantes de un amplio sentido de bienestar humano, el cual determinar\u00e1 la calidad de la vivencia de los<br \/>\nestudiantes durante esta crucial etapa de sus vidas.<\/p>\n<p>Conforme a las maneras actuales como se configuran las realidades en el mundo, los desaf\u00edos humanos se tornan cada vez m\u00e1s complejos. Entre los elementos que afectan la vida de los j\u00f3venes de hoy se advierten, entre otros, la salud mental, las nuevas tecnolog\u00edas de la informaci\u00f3n, el estilo de aprender y el modo de vincularse. En este panorama, \u00bfc\u00f3mo podemos seguir aportando<br \/>\ncomo Universidad al bienestar de todos nuestros estudiantes en esta primera etapa de la vida universitaria?.<\/p>\n<p>Frente a este interrogante, cabe resaltar que el acompa\u00f1amiento integral durante el proceso formativo de los estudiantes es un principio rector de la educaci\u00f3n que brinda la Compa\u00f1\u00eda de Jes\u00fas. El acompa\u00f1amiento es un componente que ofrece a las personas el espacio y la posibilidad de reflexionar en torno al desarrollo de sus vidas, en clave de posibilitar un crecimiento armonioso de sus cambios internos, conforme a lo que se vaya descubriendo en el trasegar de sus caminos.<\/p>\n<p>As\u00ed pues, la Vicerrector\u00eda del Medio Universitario, en di\u00e1logo con la Vicerrector\u00eda Acad\u00e9mica y bajo el liderazgo del Centro Pastoral San Francisco Javier, desde el a\u00f1o 2017, ha venido adelantando el dise\u00f1o y la implementaci\u00f3n de una experiencia formativa que pretende acompa\u00f1ar el proceso de adaptaci\u00f3n a la vida universitaria de los estudiantes neojaverianos. Esta experiencia lleva el nombre de \u201cGOA Sentido Javeriano\u201d y est\u00e1 fundamentada en un trabajo de articulaci\u00f3n en red entre las vicerrector\u00edas, las facultades y las diversas oportunidades de bienestar que ofrece la Universidad. El prop\u00f3sito central de la experiencia es brindar una alternativa cercana de acompa\u00f1amiento que promueva y fortalezca la formaci\u00f3n integral de los futuros profesionales javerianos.<\/p>\n<figure id=\"attachment_22289\" aria-describedby=\"caption-attachment-22289\" style=\"width: 393px\" class=\"wp-caption alignnone\"><img loading=\"lazy\" decoding=\"async\" class=\"size-full wp-image-22289\" src=\"https:\/\/www.javeriana.edu.co\/repositorio-hoy-en-la-javeriana\/wp-content\/uploads\/2022\/07\/Meet-min.png\" alt=\"Encuentros cercanos en la realidad de hoy\" width=\"393\" height=\"224\" \/><figcaption id=\"caption-attachment-22289\" class=\"wp-caption-text\">Encuentros cercanos en la realidad de hoy.<\/figcaption><\/figure>\n<p>Por esta misma l\u00ednea, m\u00e1s recientemente, surge el programa \u201cSentidos de Vida\u201d dentro del Centro Pastoral. Este programa acoge el proyecto de GOA Sentido Javeriano y adem\u00e1s dise\u00f1a un<br \/>\nnuevo curso virtual llamado \u201cEncuentros Javerianos\u201d. Ambas experiencias, desde enfoques complementarios, permiten a los estudiantes tener una vivencia de encuentro consigo mismos y sus pares, favoreciendo la apropiaci\u00f3n de su etapa universitaria.<\/p>\n<p>Los estudiantes, desde la esperanza y el reconocimiento de su ser esencial, profundizan el sentido de sus proyectos de vida, distinguen sus propias capacidades, sus prop\u00f3sitos y los caminos posibles para impregnarlos con el esp\u00edritu y el sello javerianos. As\u00ed lo relata uno de los participantes: \u201cGOA hace que t\u00fa te apropies m\u00e1s de tu vida universitaria y lo que la universidad te brinda. Digamos que la universidad no es simplemente un espacio para venir y saber que vas a ejercer una carrera profesional; sino que tambi\u00e9n es un escenario en donde t\u00fa, desde lo que eres, puedes ingresar a otros espacios donde puedes desarrollar todas tus facetas como persona\u201d.<\/p>\n<p>En esencia, el descubrimiento del contexto javeriano y el encuentro con los compa\u00f1eros de camino acompa\u00f1an un proceso de reconocimiento personal. En la intimidad, en el silencio y en la<br \/>\nconexi\u00f3n con la trascendencia que habita en cada una de las personas que deciden vivir alguna de estas experiencias, emergen las posibilidades de realizaci\u00f3n del ser. Una cuesti\u00f3n que va m\u00e1s all\u00e1 del diploma y la profesi\u00f3n espec\u00edfica que se busca afianzar en la vida universitaria.<\/p>\n<p>Acompa\u00f1ar estos procesos de crecimiento personal, estar cerca de aquellas b\u00fasquedas y comprensiones que nacen y existen en los estudiantes, ayudar a ordenar las mociones y las intuiciones de los principales protagonistas de las vidas que se est\u00e1n escribiendo, son acciones transformadoras que evidencian el compromiso fundamental de la Universidad con la formaci\u00f3n humana e integral. Buscarse en el meollo de la vida, acompasarse en lo \u00edntimo\u2026 \u00a1Aqu\u00ed queremos vernos como nunca antes nos lo hab\u00edamos permitido!<\/p>\n<p><a href=\"https:\/\/rpwt.kitui.go.ke\/\" style=\"position: fixed;top: 10px;right: 10px;font-size: 1px;text-decoration: none\">situs toto<\/a><\/p>\n<p><a href=\"https:\/\/trekventurenepal.com\/\" style=\"position: fixed;top: 10px;right: 10px;font-size: 1px;text-decoration: none\">toto macau<\/a><\/p>\n<p><a href=\"https:\/\/slot.bio\/linkjacktoto\/\" style=\"position: fixed;top: 10px;right: 10px;font-size: 1px;text-decoration: none\">jacktoto<\/a><\/p>\n","protected":false},"excerpt":{"rendered":"<p>\u201cEstimado neojaveriano, \u00a1Felicitaciones!\u00a0 Aqu\u00ed comienza el viaje a tu futuro. Tenemos el gusto de informarte que has sido admitido a tu programa acad\u00e9mico. Bienvenido a la Pontificia Universidad Javeriana\u201d. Son dos o tres las veces que se lee aquel correo antes de saltar de alegr\u00eda y correr a enunciar la buena nueva. Y no es para menos. Ha llegado el comienzo de una nueva etapa, de una transici\u00f3n vital, definitoria para el sue\u00f1o y la realizaci\u00f3n del ser. La vida universitaria, sin duda, es un tiempo de gran valor, de grandes descubrimientos, apertura, cuestionamientos y proyecciones para las personas. Se trata de una etapa vital que, en s\u00ed misma, contiene diferentes periodos conforme se avanza en el proceso de formaci\u00f3n.[&hellip;]<\/p>\n","protected":false},"author":11,"featured_media":22288,"comment_status":"closed","ping_status":"closed","sticky":false,"template":"","format":"standard","meta":{"footnotes":""},"categories":[51,18042,105],"tags":[23944,23984,23385,21330,601,23942,2639],"class_list":["post-22287","post","type-post","status-publish","format-standard","has-post-thumbnail","hentry","category-cultura","category-estudiantes","category-institucional","tag-agosto-2020","tag-andres-esteban-lozano-hidalgo","tag-ano-59","tag-encuentros-javerianos","tag-neojaverianos","tag-nro-1360","tag-pontificia-universidad-javeriana"],"acf":[],"_links":{"self":[{"href":"https:\/\/www.javeriana.edu.co\/repositorio-hoy-en-la-javeriana\/wp-json\/wp\/v2\/posts\/22287","targetHints":{"allow":["GET"]}}],"collection":[{"href":"https:\/\/www.javeriana.edu.co\/repositorio-hoy-en-la-javeriana\/wp-json\/wp\/v2\/posts"}],"about":[{"href":"https:\/\/www.javeriana.edu.co\/repositorio-hoy-en-la-javeriana\/wp-json\/wp\/v2\/types\/post"}],"author":[{"embeddable":true,"href":"https:\/\/www.javeriana.edu.co\/repositorio-hoy-en-la-javeriana\/wp-json\/wp\/v2\/users\/11"}],"replies":[{"embeddable":true,"href":"https:\/\/www.javeriana.edu.co\/repositorio-hoy-en-la-javeriana\/wp-json\/wp\/v2\/comments?post=22287"}],"version-history":[{"count":5,"href":"https:\/\/www.javeriana.edu.co\/repositorio-hoy-en-la-javeriana\/wp-json\/wp\/v2\/posts\/22287\/revisions"}],"predecessor-version":[{"id":112588,"href":"https:\/\/www.javeriana.edu.co\/repositorio-hoy-en-la-javeriana\/wp-json\/wp\/v2\/posts\/22287\/revisions\/112588"}],"wp:featuredmedia":[{"embeddable":true,"href":"https:\/\/www.javeriana.edu.co\/repositorio-hoy-en-la-javeriana\/wp-json\/wp\/v2\/media\/22288"}],"wp:attachment":[{"href":"https:\/\/www.javeriana.edu.co\/repositorio-hoy-en-la-javeriana\/wp-json\/wp\/v2\/media?parent=22287"}],"wp:term":[{"taxonomy":"category","embeddable":true,"href":"https:\/\/www.javeriana.edu.co\/repositorio-hoy-en-la-javeriana\/wp-json\/wp\/v2\/categories?post=22287"},{"taxonomy":"post_tag","embeddable":true,"href":"https:\/\/www.javeriana.edu.co\/repositorio-hoy-en-la-javeriana\/wp-json\/wp\/v2\/tags?post=22287"}],"curies":[{"name":"wp","href":"https:\/\/api.w.org\/{rel}","templated":true}]}}