{"id":22367,"date":"1969-05-09T16:04:48","date_gmt":"1969-05-09T21:04:48","guid":{"rendered":"https:\/\/www.javeriana.edu.co\/repositorio-hoy-en-la-javeriana\/?p=22367"},"modified":"2022-07-12T16:13:34","modified_gmt":"2022-07-12T21:13:34","slug":"dia-de-la-enfermera-12-de-mayo","status":"publish","type":"post","link":"https:\/\/www.javeriana.edu.co\/repositorio-hoy-en-la-javeriana\/dia-de-la-enfermera-12-de-mayo\/","title":{"rendered":"D\u00eda de la enfermera 12 de mayo"},"content":{"rendered":"<p>El pr\u00f3ximo lunes, con motivo de celebrarse el \u00abD\u00eda de la enfermera\u00bb, el R.P. Rector descubrir\u00e1 una placa conmemorativa, en el edificio de Enfermer\u00eda, obsequio de la Asociaci\u00f3n de Enfermeras Javerianas.<\/p>\n<p>Do\u00f1a Elo\u00edsa Santofimio de Mel\u00e9ndez, en nombre de la Asociaci\u00f3n, y el R.P. Rector, en nombre de la Universidad, llevar\u00e1n la palabra durante la ceremonia. Despu\u00e9s del acto, se ofrecer\u00e1 una copa de champa\u00f1a y se celebrar\u00e1 la Santa Misa. Con asistencia del personal de enfermeras del Hospital y de la Facultad, personal m\u00e9dico y algunos invitados, se ofrecer\u00e1 un almuerzo en el Hospital universitario, ese mismo d\u00eda.<\/p>\n","protected":false},"excerpt":{"rendered":"<p>El pr\u00f3ximo lunes, con motivo de celebrarse el \u00abD\u00eda de la enfermera\u00bb, el R.P. Rector descubrir\u00e1 una placa conmemorativa, en el edificio de Enfermer\u00eda, obsequio de la Asociaci\u00f3n de Enfermeras Javerianas. Do\u00f1a Elo\u00edsa Santofimio de Mel\u00e9ndez, en nombre de la Asociaci\u00f3n, y el R.P. Rector, en nombre de la Universidad, llevar\u00e1n la palabra durante la ceremonia. Despu\u00e9s del acto, se ofrecer\u00e1 una copa de champa\u00f1a y se celebrar\u00e1 la Santa Misa. Con asistencia del personal de enfermeras del Hospital y de la Facultad, personal m\u00e9dico y algunos invitados, se ofrecer\u00e1 un almuerzo en el Hospital universitario, ese mismo d\u00eda.<\/p>\n","protected":false},"author":1,"featured_media":20876,"comment_status":"closed","ping_status":"closed","sticky":false,"template":"","format":"standard","meta":{"footnotes":""},"categories":[105],"tags":[24102,1827,21650,6559,24114,79,24113,21649,21651,21654],"class_list":["post-22367","post","type-post","status-publish","format-standard","has-post-thumbnail","hentry","category-institucional","tag-ano-8-nro-386","tag-asociacion-de-enfermeras-javerianas","tag-boliva-mosquera-l","tag-dia-de-la-enfermera","tag-eloisa-santofimio-de-melendez","tag-enfermeria","tag-escuela-de-ciencias-de-comunicacion-social","tag-lucrecia-jaramillo-m","tag-luis-eduardo-nates-m","tag-mayo-1969"],"acf":[],"_links":{"self":[{"href":"https:\/\/www.javeriana.edu.co\/repositorio-hoy-en-la-javeriana\/wp-json\/wp\/v2\/posts\/22367","targetHints":{"allow":["GET"]}}],"collection":[{"href":"https:\/\/www.javeriana.edu.co\/repositorio-hoy-en-la-javeriana\/wp-json\/wp\/v2\/posts"}],"about":[{"href":"https:\/\/www.javeriana.edu.co\/repositorio-hoy-en-la-javeriana\/wp-json\/wp\/v2\/types\/post"}],"author":[{"embeddable":true,"href":"https:\/\/www.javeriana.edu.co\/repositorio-hoy-en-la-javeriana\/wp-json\/wp\/v2\/users\/1"}],"replies":[{"embeddable":true,"href":"https:\/\/www.javeriana.edu.co\/repositorio-hoy-en-la-javeriana\/wp-json\/wp\/v2\/comments?post=22367"}],"version-history":[{"count":2,"href":"https:\/\/www.javeriana.edu.co\/repositorio-hoy-en-la-javeriana\/wp-json\/wp\/v2\/posts\/22367\/revisions"}],"predecessor-version":[{"id":22372,"href":"https:\/\/www.javeriana.edu.co\/repositorio-hoy-en-la-javeriana\/wp-json\/wp\/v2\/posts\/22367\/revisions\/22372"}],"wp:featuredmedia":[{"embeddable":true,"href":"https:\/\/www.javeriana.edu.co\/repositorio-hoy-en-la-javeriana\/wp-json\/wp\/v2\/media\/20876"}],"wp:attachment":[{"href":"https:\/\/www.javeriana.edu.co\/repositorio-hoy-en-la-javeriana\/wp-json\/wp\/v2\/media?parent=22367"}],"wp:term":[{"taxonomy":"category","embeddable":true,"href":"https:\/\/www.javeriana.edu.co\/repositorio-hoy-en-la-javeriana\/wp-json\/wp\/v2\/categories?post=22367"},{"taxonomy":"post_tag","embeddable":true,"href":"https:\/\/www.javeriana.edu.co\/repositorio-hoy-en-la-javeriana\/wp-json\/wp\/v2\/tags?post=22367"}],"curies":[{"name":"wp","href":"https:\/\/api.w.org\/{rel}","templated":true}]}}