{"id":22743,"date":"1969-08-15T17:24:14","date_gmt":"1969-08-15T22:24:14","guid":{"rendered":"https:\/\/www.javeriana.edu.co\/repositorio-hoy-en-la-javeriana\/?p=22743"},"modified":"2022-07-27T17:28:34","modified_gmt":"2022-07-27T22:28:34","slug":"apuntes-de-investigaciones-esteticas","status":"publish","type":"post","link":"https:\/\/www.javeriana.edu.co\/repositorio-hoy-en-la-javeriana\/apuntes-de-investigaciones-esteticas\/","title":{"rendered":"\u00abApuntes de investigaciones est\u00e9ticas\u00bb"},"content":{"rendered":"<p>El Instituto de Investigaciones Est\u00e9ticas est\u00e1 distribuyendo una nueva edici\u00f3n de sus \u00abApuntes\u00bb dedicada, en este caso, a los problemas de preservaci\u00f3n y conservaci\u00f3n de monumentos arquitect\u00f3nicos. La edici\u00f3n est\u00e1 preparada por el P. Alfonso Borrero, S.J. , y contiene material investigativo e informativo de gran inter\u00e9s profesional en estos temas.<\/p>\n<p>&nbsp;<\/p>\n","protected":false},"excerpt":{"rendered":"<p>El Instituto de Investigaciones Est\u00e9ticas est\u00e1 distribuyendo una nueva edici\u00f3n de sus \u00abApuntes\u00bb dedicada, en este caso, a los problemas de preservaci\u00f3n y conservaci\u00f3n de monumentos arquitect\u00f3nicos. La edici\u00f3n est\u00e1 preparada por el P. Alfonso Borrero, S.J. , y contiene material investigativo e informativo de gran inter\u00e9s profesional en estos temas. &nbsp;<\/p>\n","protected":false},"author":1,"featured_media":20876,"comment_status":"closed","ping_status":"closed","sticky":false,"template":"","format":"standard","meta":{"footnotes":""},"categories":[16],"tags":[24143,1836,24583,24598,24113,24599,15238,24265],"class_list":["post-22743","post","type-post","status-publish","format-standard","has-post-thumbnail","hentry","category-investigacion","tag-agosto-1969","tag-alfonso-borrero","tag-ano-8-nro-389","tag-apuntes-de-investigaciones-esteticas","tag-escuela-de-ciencias-de-comunicacion-social","tag-investigaciones-esteticas","tag-margarita-valderrama","tag-teresa-vargas-sierra"],"acf":[],"_links":{"self":[{"href":"https:\/\/www.javeriana.edu.co\/repositorio-hoy-en-la-javeriana\/wp-json\/wp\/v2\/posts\/22743","targetHints":{"allow":["GET"]}}],"collection":[{"href":"https:\/\/www.javeriana.edu.co\/repositorio-hoy-en-la-javeriana\/wp-json\/wp\/v2\/posts"}],"about":[{"href":"https:\/\/www.javeriana.edu.co\/repositorio-hoy-en-la-javeriana\/wp-json\/wp\/v2\/types\/post"}],"author":[{"embeddable":true,"href":"https:\/\/www.javeriana.edu.co\/repositorio-hoy-en-la-javeriana\/wp-json\/wp\/v2\/users\/1"}],"replies":[{"embeddable":true,"href":"https:\/\/www.javeriana.edu.co\/repositorio-hoy-en-la-javeriana\/wp-json\/wp\/v2\/comments?post=22743"}],"version-history":[{"count":1,"href":"https:\/\/www.javeriana.edu.co\/repositorio-hoy-en-la-javeriana\/wp-json\/wp\/v2\/posts\/22743\/revisions"}],"predecessor-version":[{"id":22744,"href":"https:\/\/www.javeriana.edu.co\/repositorio-hoy-en-la-javeriana\/wp-json\/wp\/v2\/posts\/22743\/revisions\/22744"}],"wp:featuredmedia":[{"embeddable":true,"href":"https:\/\/www.javeriana.edu.co\/repositorio-hoy-en-la-javeriana\/wp-json\/wp\/v2\/media\/20876"}],"wp:attachment":[{"href":"https:\/\/www.javeriana.edu.co\/repositorio-hoy-en-la-javeriana\/wp-json\/wp\/v2\/media?parent=22743"}],"wp:term":[{"taxonomy":"category","embeddable":true,"href":"https:\/\/www.javeriana.edu.co\/repositorio-hoy-en-la-javeriana\/wp-json\/wp\/v2\/categories?post=22743"},{"taxonomy":"post_tag","embeddable":true,"href":"https:\/\/www.javeriana.edu.co\/repositorio-hoy-en-la-javeriana\/wp-json\/wp\/v2\/tags?post=22743"}],"curies":[{"name":"wp","href":"https:\/\/api.w.org\/{rel}","templated":true}]}}