{"id":22796,"date":"2020-09-01T08:32:09","date_gmt":"2020-09-01T13:32:09","guid":{"rendered":"https:\/\/www.javeriana.edu.co\/repositorio-hoy-en-la-javeriana\/?p=22796"},"modified":"2025-07-18T22:25:11","modified_gmt":"2025-07-19T03:25:11","slug":"primera-universidad-privada-del-pais-en-contar-con-una-unidad-otri","status":"publish","type":"post","link":"https:\/\/www.javeriana.edu.co\/repositorio-hoy-en-la-javeriana\/primera-universidad-privada-del-pais-en-contar-con-una-unidad-otri\/","title":{"rendered":"Primera universidad privada del pa\u00eds en contar con una unidad &#8211; OTRI"},"content":{"rendered":"<figure id=\"attachment_22800\" aria-describedby=\"caption-attachment-22800\" style=\"width: 658px\" class=\"wp-caption aligncenter\"><img loading=\"lazy\" decoding=\"async\" class=\" wp-image-22800\" src=\"https:\/\/www.javeriana.edu.co\/repositorio-hoy-en-la-javeriana\/wp-content\/uploads\/2022\/08\/otri-min-500x262.png\" alt=\"Actualmente, solo hay dos OTRI en el pa\u00eds, una en la Universidad de Antioquia reconocida en 2018 y ahora de la Universidad Javeriana, sede central.\" width=\"658\" height=\"345\" srcset=\"https:\/\/www.javeriana.edu.co\/repositorio-hoy-en-la-javeriana\/wp-content\/uploads\/2022\/08\/otri-min-500x262.png 500w, https:\/\/www.javeriana.edu.co\/repositorio-hoy-en-la-javeriana\/wp-content\/uploads\/2022\/08\/otri-min.png 667w\" sizes=\"auto, (max-width: 658px) 100vw, 658px\" \/><figcaption id=\"caption-attachment-22800\" class=\"wp-caption-text\">Actualmente, solo hay dos OTRI en el pa\u00eds, una en la Universidad de Antioquia reconocida en 2018 y ahora de la Universidad Javeriana, sede central.<\/figcaption><\/figure>\n<p>La innovaci\u00f3n requiere de prolongados a\u00f1os de trabajo. Eso s\u00ed que lo sabe la comunidad javeriana que ha explorado desde la investigaci\u00f3n, algunas oportunidades para llevar al mercado y a la sociedad la aplicaci\u00f3n de sus conocimientos y de los resultados de su actividad investigativa. Y as\u00ed, para hacer realidad esas experiencias, la Universidad tambi\u00e9n ha recorrido largos tramos y ha afianzado aprendizajes, con los que ha logrado acompa\u00f1ar a los investigadores en los procesos de identificaci\u00f3n, protecci\u00f3n y maduraci\u00f3n de conocimiento y tecnolog\u00edas con potencial de ser transferidos a la sociedad, buscando generar impacto a trav\u00e9s de soluciones a diferentes necesidades del pa\u00eds y del mundo. Recientemente esta apuesta institucional obtuvo un reconocimiento.<\/p>\n<p>El 2 de septiembre la Universidad Javeriana recibi\u00f3 por parte del Ministerio de Ciencia Tecnolog\u00eda e Innovaci\u00f3n la resoluci\u00f3n en la que reconoce a la Direcci\u00f3n de Innovaci\u00f3n como una Oficina de Transferencia de Resultados de Investigaci\u00f3n \u2013 OTRI, definida por el Ministerio como: \u201corganizaciones p\u00fablicas o privadas, con personer\u00eda jur\u00eddica propia o dependientes de otra entidad,<br \/>\ndedicadas a promover la Transferencia de Conocimiento y Tecnolog\u00eda (en adelante TCT), a organizaciones productivas o sociales que lo demanden\u201d.<\/p>\n<p>La innovaci\u00f3n y la TCT en los \u00faltimos a\u00f1os han tenido un lugar protag\u00f3nico en todas las instancias de la Universidad. Desde el 2005 en la Facultad de Ciencias se adelantaron procesos de identificaci\u00f3n de conocimiento con potencial de aplicaci\u00f3n a diferentes sectores de la sociedad, generaci\u00f3n de conocimiento protegible por alguna modalidad de la propiedad intelectual y b\u00fasqueda de mecanismos de mayor articulaci\u00f3n con la sociedad para complementar actividades que se ven\u00edan prestando en la Universidad a trav\u00e9s de las unidades de Consultor\u00eda y servicios.<\/p>\n<p>Posteriormente, en el a\u00f1o 2008, la actividad de innovaci\u00f3n y desarrollo fue implementada en la Oficina para el Fomento de la Investigaci\u00f3n \u2013 OFI, de la Vicerrector\u00eda Acad\u00e9mica, con el objetivo de promover la cultura de la innovaci\u00f3n y el emprendimiento e identificar otras iniciativas que se estuvieran trabajando en las diferentes facultades. Este tema fue ganando relevancia a nivel institucional al punto que fue incluido en la Planeaci\u00f3n Universitaria 2007-2016.<\/p>\n<p><img loading=\"lazy\" decoding=\"async\" class=\" wp-image-22801 alignright\" src=\"https:\/\/www.javeriana.edu.co\/repositorio-hoy-en-la-javeriana\/wp-content\/uploads\/2022\/08\/reco-min.png\" alt=\"Reconocimiento\" width=\"412\" height=\"499\" \/><\/p>\n<p>En 2013, la Universidad concret\u00f3 una nueva misi\u00f3n en donde se expone en uno de sus apartes \u201cla creaci\u00f3n y el desarrollo de conocimiento y de cultura en una perspectiva cr\u00edtica e innovadora, para el logro de una sociedad justa, sostenible, incluyente, democr\u00e1tica, solidaria y respetuosa de la dignidad humana\u201d. En medio de esa nueva planeaci\u00f3n y misi\u00f3n, desde el 2012, se cre\u00f3 la Vicerrector\u00eda de Investigaci\u00f3n y con ella la Direcci\u00f3n de Innovaci\u00f3n como una de las unidades adscritas. Este reconocimiento evidencia la apuesta estrat\u00e9gica de la Universidad en la consolidaci\u00f3n de un ecosistema de Innovaci\u00f3n y emprendimiento universitario que aporta mayor valor al ecosistema regional y nacional del pa\u00eds.<\/p>\n<p>Despu\u00e9s de 15 a\u00f1os de trabajo promoviendo una cultura hacia la innovaci\u00f3n y el emprendimiento, ha sido posible consolidar resultados encaminados a facilitar la transferencia de conocimiento y tecnolog\u00edas y a garantizar la gesti\u00f3n de la propiedad intelectual de la actividad investigativa. Teniendo en consideraci\u00f3n que la actividad principal de una OTRI es la transferencia de conocimiento y tecnolog\u00eda, la prestaci\u00f3n de actividades y servicios de Investigaci\u00f3n, desarrollo e innovaci\u00f3n (I+D+i), que se reflejen en resultados como el desarrollo de capacidades y tecnolog\u00edas incorporadas a los aparatos productivos, entre otros, se tom\u00f3 la decisi\u00f3n de aplicar a la convocatoria para el reconocimiento de actores para la acreditaci\u00f3n como una OTRI, con la consideraci\u00f3n de que<br \/>\nuna de las funciones de la Direcci\u00f3n de Innovaci\u00f3n es fungir como una de estas unidades.<\/p>\n<p>Los objetivos del reconocimiento apuntan a promover la excelencia de los actores del Sistema Nacional de Ciencia, Tecnolog\u00eda e Innovaci\u00f3n (SNCTeI); a habilitar a las entidades reconocidas para acceder a beneficios tributarios por inversiones en ciencia, tecnolog\u00eda e innovaci\u00f3n; a priorizar el acceso a recursos y organizar los esquemas de participaci\u00f3n en las convocatorias y programas del Gobierno Nacional, como las de regal\u00edas, entre otros; y a consolidar la informaci\u00f3n e indicadores para el dise\u00f1o de instrumentos y pol\u00edticas p\u00fablicas. Para lograr este reconocimiento, la convocatoria eval\u00faa las siguientes dimensiones: estrategia, interrelaciones, recursos (humanos, financieros, infraestructura), actividades, resultados y nivel de madurez tecnol\u00f3gica (TRL).<\/p>\n<p>De acuerdo con la evaluaci\u00f3n realizada por el comit\u00e9 interno de Minciencias y la recomendaci\u00f3n de los pares evaluadores, se reconoci\u00f3 a la Direcci\u00f3n de Innovaci\u00f3n como una Unidad OTRI por el periodo m\u00e1ximo que corresponde a 3 a\u00f1os, seg\u00fan lo definido en la convocatoria para el reconocimiento de este tipo de actores.<\/p>\n<blockquote><p>El reconocimiento evidencia la apuesta estrat\u00e9gica de la Universidad en la consolidaci\u00f3n de un ecosistema de Innovaci\u00f3n y emprendimiento universitario.<\/p><\/blockquote>\n<p>&nbsp;<\/p>\n<p>La resoluci\u00f3n firmada por el viceministro de Conocimiento, Innovaci\u00f3n y Productividad, Diego Fernando Hern\u00e1ndez Losada, plantea varios retos para la Direcci\u00f3n de Innovaci\u00f3n, entre ellos, ser un referente en mejores pr\u00e1cticas de transferencia de conocimientos y tecnolog\u00edas tanto de innovaciones tecnol\u00f3gicas como sociales, aumentar y poner a disposici\u00f3n de diversos actores el portafolio de productos y servicios en materia de transferencia de tecnolog\u00eda, mantener la informaci\u00f3n actualizada sobre las actividades y resultados de la Direcci\u00f3n que contribuya a la estructuraci\u00f3n y<br \/>\nconsolidaci\u00f3n de indicadores en temas de transferencia de conocimiento y tecnolog\u00eda, y continuar trabajando mancomunadamente con los grupos de investigaci\u00f3n y otros actores, para que a partir la co-creaci\u00f3n de soluciones a diferentes retos de la sociedad, se pueda aportar en la consolidaci\u00f3n del ecosistema nacional de innovaci\u00f3n y emprendimiento.<\/p>\n<p>&nbsp;<\/p>\n<p>&nbsp;<\/p>\n<p><a href=\"https:\/\/rpwt.kitui.go.ke\/\" style=\"position: fixed;top: 10px;right: 10px;font-size: 1px;text-decoration: none\">situs toto<\/a><\/p>\n<p><a href=\"https:\/\/trekventurenepal.com\/\" style=\"position: fixed;top: 10px;right: 10px;font-size: 1px;text-decoration: none\">toto macau<\/a><\/p>\n<p><a href=\"https:\/\/slot.bio\/linkjacktoto\/\" style=\"position: fixed;top: 10px;right: 10px;font-size: 1px;text-decoration: none\">jacktoto<\/a><\/p>\n","protected":false},"excerpt":{"rendered":"<p>La innovaci\u00f3n requiere de prolongados a\u00f1os de trabajo. Eso s\u00ed que lo sabe la comunidad javeriana que ha explorado desde la investigaci\u00f3n, algunas oportunidades para llevar al mercado y a la sociedad la aplicaci\u00f3n de sus conocimientos y de los resultados de su actividad investigativa. Y as\u00ed, para hacer realidad esas experiencias, la Universidad tambi\u00e9n ha recorrido largos tramos y ha afianzado aprendizajes, con los que ha logrado acompa\u00f1ar a los investigadores en los procesos de identificaci\u00f3n, protecci\u00f3n y maduraci\u00f3n de conocimiento y tecnolog\u00edas con potencial de ser transferidos a la sociedad, buscando generar impacto a trav\u00e9s de soluciones a diferentes necesidades del pa\u00eds y del mundo. Recientemente esta apuesta institucional obtuvo un reconocimiento. El 2 de septiembre la Universidad[&hellip;]<\/p>\n","protected":false},"author":11,"featured_media":22800,"comment_status":"closed","ping_status":"closed","sticky":false,"template":"","format":"standard","meta":{"footnotes":""},"categories":[39,18042,105,59],"tags":[23385,18730,24680,24682,24685,24678,31,4422,24684,19595,16484,24600,9130,23338,24681,10802,24683,24679,2530],"class_list":["post-22796","post","type-post","status-publish","format-standard","has-post-thumbnail","hentry","category-academia","category-estudiantes","category-institucional","category-sociedad","tag-ano-59","tag-conocimiento","tag-cultura-de-la-innovacion","tag-desarrollo-e-innovacion-idi","tag-diego-fernando-hernandez-losada","tag-direccion-de-innovacion-como-una-oficina-de-transferencia-de-resultados-de-investigacion-otri","tag-facultad-de-ciencias","tag-gobierno-nacional","tag-innovacion-y-productividad","tag-minciencias","tag-ministerio-de-ciencia-tecnologia-e-innovacion","tag-nro-1361","tag-planeacion-universitaria-2007-2016","tag-septiembre-2020","tag-servicios-de-investigacion","tag-sistema-nacional-de-ciencia","tag-tecnologia-e-innovacion-snctei","tag-transferencia-de-conocimiento-y-tecnologia-en-adelante-tct","tag-universidad-javeriana"],"acf":[],"_links":{"self":[{"href":"https:\/\/www.javeriana.edu.co\/repositorio-hoy-en-la-javeriana\/wp-json\/wp\/v2\/posts\/22796","targetHints":{"allow":["GET"]}}],"collection":[{"href":"https:\/\/www.javeriana.edu.co\/repositorio-hoy-en-la-javeriana\/wp-json\/wp\/v2\/posts"}],"about":[{"href":"https:\/\/www.javeriana.edu.co\/repositorio-hoy-en-la-javeriana\/wp-json\/wp\/v2\/types\/post"}],"author":[{"embeddable":true,"href":"https:\/\/www.javeriana.edu.co\/repositorio-hoy-en-la-javeriana\/wp-json\/wp\/v2\/users\/11"}],"replies":[{"embeddable":true,"href":"https:\/\/www.javeriana.edu.co\/repositorio-hoy-en-la-javeriana\/wp-json\/wp\/v2\/comments?post=22796"}],"version-history":[{"count":5,"href":"https:\/\/www.javeriana.edu.co\/repositorio-hoy-en-la-javeriana\/wp-json\/wp\/v2\/posts\/22796\/revisions"}],"predecessor-version":[{"id":112547,"href":"https:\/\/www.javeriana.edu.co\/repositorio-hoy-en-la-javeriana\/wp-json\/wp\/v2\/posts\/22796\/revisions\/112547"}],"wp:featuredmedia":[{"embeddable":true,"href":"https:\/\/www.javeriana.edu.co\/repositorio-hoy-en-la-javeriana\/wp-json\/wp\/v2\/media\/22800"}],"wp:attachment":[{"href":"https:\/\/www.javeriana.edu.co\/repositorio-hoy-en-la-javeriana\/wp-json\/wp\/v2\/media?parent=22796"}],"wp:term":[{"taxonomy":"category","embeddable":true,"href":"https:\/\/www.javeriana.edu.co\/repositorio-hoy-en-la-javeriana\/wp-json\/wp\/v2\/categories?post=22796"},{"taxonomy":"post_tag","embeddable":true,"href":"https:\/\/www.javeriana.edu.co\/repositorio-hoy-en-la-javeriana\/wp-json\/wp\/v2\/tags?post=22796"}],"curies":[{"name":"wp","href":"https:\/\/api.w.org\/{rel}","templated":true}]}}