{"id":22811,"date":"1969-09-05T15:09:34","date_gmt":"1969-09-05T20:09:34","guid":{"rendered":"https:\/\/www.javeriana.edu.co\/repositorio-hoy-en-la-javeriana\/?p=22811"},"modified":"2022-08-03T15:17:53","modified_gmt":"2022-08-03T20:17:53","slug":"sobre-reforma-judicial","status":"publish","type":"post","link":"https:\/\/www.javeriana.edu.co\/repositorio-hoy-en-la-javeriana\/sobre-reforma-judicial\/","title":{"rendered":"Sobre reforma judicial"},"content":{"rendered":"<p>El pasado martes se celebr\u00f3 en el sal\u00f3n de grados una interesante mesa redonda sobre la reciente reforma judicial, que entr\u00f3 a operar desde el 1o. de septiembre. Intervinieron el Ministro de Justicia, Dr. Fernando Hinestrosa y el Dr. Bernardo Gait\u00e1n, Director del Departamento de Derecho Penal en la Facultad de Derecho de esta Universidad. Participaron en la charla diversos estudiantes de todas las facultades, especialmente de Derecho.<\/p>\n","protected":false},"excerpt":{"rendered":"<p>El pasado martes se celebr\u00f3 en el sal\u00f3n de grados una interesante mesa redonda sobre la reciente reforma judicial, que entr\u00f3 a operar desde el 1o. de septiembre. Intervinieron el Ministro de Justicia, Dr. Fernando Hinestrosa y el Dr. Bernardo Gait\u00e1n, Director del Departamento de Derecho Penal en la Facultad de Derecho de esta Universidad. Participaron en la charla diversos estudiantes de todas las facultades, especialmente de Derecho.<\/p>\n","protected":false},"author":1,"featured_media":20876,"comment_status":"closed","ping_status":"closed","sticky":false,"template":"","format":"standard","meta":{"footnotes":""},"categories":[59],"tags":[24708,4265,24709,126,24113,141,21566,15238,8458,23015,24707,24265],"class_list":["post-22811","post","type-post","status-publish","format-standard","has-post-thumbnail","hentry","category-sociedad","tag-ano-8-nro-392","tag-bernardo-gaitan","tag-departamento-de-derecho-penal","tag-derecho","tag-escuela-de-ciencias-de-comunicacion-social","tag-facultad-de-derecho","tag-fernando-hinestrosa","tag-margarita-valderrama","tag-ministro-de-justicia","tag-reforma-judicial","tag-septiembre-1969","tag-teresa-vargas-sierra"],"acf":[],"_links":{"self":[{"href":"https:\/\/www.javeriana.edu.co\/repositorio-hoy-en-la-javeriana\/wp-json\/wp\/v2\/posts\/22811","targetHints":{"allow":["GET"]}}],"collection":[{"href":"https:\/\/www.javeriana.edu.co\/repositorio-hoy-en-la-javeriana\/wp-json\/wp\/v2\/posts"}],"about":[{"href":"https:\/\/www.javeriana.edu.co\/repositorio-hoy-en-la-javeriana\/wp-json\/wp\/v2\/types\/post"}],"author":[{"embeddable":true,"href":"https:\/\/www.javeriana.edu.co\/repositorio-hoy-en-la-javeriana\/wp-json\/wp\/v2\/users\/1"}],"replies":[{"embeddable":true,"href":"https:\/\/www.javeriana.edu.co\/repositorio-hoy-en-la-javeriana\/wp-json\/wp\/v2\/comments?post=22811"}],"version-history":[{"count":1,"href":"https:\/\/www.javeriana.edu.co\/repositorio-hoy-en-la-javeriana\/wp-json\/wp\/v2\/posts\/22811\/revisions"}],"predecessor-version":[{"id":22815,"href":"https:\/\/www.javeriana.edu.co\/repositorio-hoy-en-la-javeriana\/wp-json\/wp\/v2\/posts\/22811\/revisions\/22815"}],"wp:featuredmedia":[{"embeddable":true,"href":"https:\/\/www.javeriana.edu.co\/repositorio-hoy-en-la-javeriana\/wp-json\/wp\/v2\/media\/20876"}],"wp:attachment":[{"href":"https:\/\/www.javeriana.edu.co\/repositorio-hoy-en-la-javeriana\/wp-json\/wp\/v2\/media?parent=22811"}],"wp:term":[{"taxonomy":"category","embeddable":true,"href":"https:\/\/www.javeriana.edu.co\/repositorio-hoy-en-la-javeriana\/wp-json\/wp\/v2\/categories?post=22811"},{"taxonomy":"post_tag","embeddable":true,"href":"https:\/\/www.javeriana.edu.co\/repositorio-hoy-en-la-javeriana\/wp-json\/wp\/v2\/tags?post=22811"}],"curies":[{"name":"wp","href":"https:\/\/api.w.org\/{rel}","templated":true}]}}