{"id":23403,"date":"2020-05-01T08:39:31","date_gmt":"2020-05-01T13:39:31","guid":{"rendered":"https:\/\/www.javeriana.edu.co\/repositorio-hoy-en-la-javeriana\/?p=23403"},"modified":"2025-07-18T22:25:47","modified_gmt":"2025-07-19T03:25:47","slug":"un-reino-por-cada-vida-humana","status":"publish","type":"post","link":"https:\/\/www.javeriana.edu.co\/repositorio-hoy-en-la-javeriana\/un-reino-por-cada-vida-humana\/","title":{"rendered":"Un reino por cada vida humana"},"content":{"rendered":"<p><img loading=\"lazy\" decoding=\"async\" class=\"wp-image-23405 alignleft\" src=\"https:\/\/www.javeriana.edu.co\/repositorio-hoy-en-la-javeriana\/wp-content\/uploads\/2022\/08\/Reino-min.png\" alt=\"eduardo d\u00edaz amado\" width=\"243\" height=\"233\" \/><\/p>\n<p>En su corta historia la bio\u00e9tica ha logrado consolidar una forma propia de proceder para el an\u00e1lisis y soluci\u00f3n de los problemas que le ata\u00f1en. Esta incluye la adopci\u00f3n de determinados principios \u00e9ticos fundamentales, considerar siempre las consecuencias, avanzar mediante la deliberaci\u00f3n y el consenso, moverse en la interdisciplinariedad, y consolidar el di\u00e1logo entre ciencia y \u00e9tica.<\/p>\n<p>La bio\u00e9tica encarna hoy una perspectiva f\u00e9rtil y necesaria para analizar la crisis que nos ha planteado la pandemia del Covid-19. Una crisis que es, en gran medida, de car\u00e1cter bio\u00e9tico. Lo que estamos experimentando es, entre otros, una reedici\u00f3n de diversas tensiones que en el mundo contempor\u00e1neo se han venido presentando entre el b\u00edos y el \u00e9thos; entre nuestra condici\u00f3n como seres biol\u00f3gicos y la responsabilidad que nos cabe como seres morales, sociales y culturales.<\/p>\n<p>En esta pandemia se han puesto en evidencia los d\u00e9biles equilibrios que exist\u00edan entre sistema de salud y sociedad, entre medios de vida y cultura, y entre lo p\u00fablico y lo privado. Resulta muy sintom\u00e1tico que un virus, como entidad biol\u00f3gica del orden de lo microsc\u00f3pico molecular, haya puesto en jaque al orden de lo macrosc\u00f3pico molar y social. En muchos de los protocolos y gu\u00edas<br \/>\nde manejo que se han promulgado para la atenci\u00f3n de pacientes en las actuales circunstancias, se proponen mecanismos y f\u00f3rmulas para preservar la dignidad humana, se pide que las intervenciones se basen en la mejor evidencia disponible, y que las decisiones se tomen mediante una reflexiva y juiciosa comprensi\u00f3n y aplicaci\u00f3n de principios \u00e9ticos.<\/p>\n<blockquote><p>Los dilemas \u00e9ticos y bio\u00e9ticos a los que nos enfrentamos por la pandemia requerir\u00e1n, para su posible soluci\u00f3n, de apoyarnos en los marcos conceptuales y la tradici\u00f3n que hemos construido colectivamente como humanidad.<\/p><\/blockquote>\n<p>Las circunstancias excepcionales que vivimos por la pandemia han hecho que principios como el de beneficencia y el de justica adquieran preeminencia. Sin embargo, esto no quiere decir que hayan dejado de tener relevancia el respeto por la autonom\u00eda o la no-maleficencia. No por estar inmersos en un escenario de incertidumbres y apremios se puede aceptar el ejercicio de poder sin controles o la anulaci\u00f3n sin m\u00e1s de nuestro constructo \u00e9tico y moral compartido.<\/p>\n<p>Los dilemas \u00e9ticos y bio\u00e9ticos a los que nos enfrentamos por la pandemia requerir\u00e1n, para su posible soluci\u00f3n, de apoyarnos razonable e inteligentemente en los marcos conceptuales y la tradici\u00f3n que hemos construido colectivamente como humanidad. Tambi\u00e9n ser\u00e1 necesario avizorar, de manera prudente pero creativa, nuevas comprensiones, propuestas y horizontes.<\/p>\n<p>Un dilema que se ha planteado con insistencia en medio de esta crisis es el de si debemos privilegiar la salud o la econom\u00eda. Quienes piden optar por la pre-eminencia de cuidar la salud, as\u00ed la econom\u00eda se resquebraje, basar\u00e1n su argumento en asumir el valor supremo de la vida sobre otros bienes (un c\u00e1lculo deontol\u00f3gico). Quienes prefieran salvar la econom\u00eda, as\u00ed se ponga en riesgo la salud y la vida por la exposici\u00f3n al contagio, dir\u00e1n que se trata de un costo aceptable de pagar aduciendo que con la econom\u00eda resquebrajada puede haber incluso m\u00e1s vidas en peligro (un c\u00e1lculo utilitarista).<\/p>\n<p>Hay diversas teor\u00edas y propuestas para resolver este dilema. El espacio aqu\u00ed no alcanza para exponerlas todas, con sus pros y sus contras. En todo caso me gustar\u00eda problematizar este dilema; desmenuzarlo. Sabemos que hay problemas que no se resuelven, sino que se disuelven. Si introducimos la pregunta de a qu\u00e9 \u201cvida\u201d y a qu\u00e9 \u201ceconom\u00eda\u201d nos referimos, quiz\u00e1s eso pueda comenzar a suceder.<\/p>\n<p>Si hablamos de la vida de cada ser humano, considerando la tradici\u00f3n filos\u00f3fica, cultural y pol\u00edtica que recoge la bio\u00e9tica, la conclusi\u00f3n ser\u00e1 que cada vida humana tiene un valor inconmensurable. Las excepciones a esta regla tendr\u00edan que ser juiciosa y reflexivamente justificadas. Si nos referimos a la econom\u00eda actual, que admite el crecimiento de las desigualdades, la acumulaci\u00f3n en manos de unos pocos, la explotaci\u00f3n y la reducci\u00f3n de seres humanos a cosas \u2013el eufemismo \u201crecursos humanos\u201d-, parece razonable decir que no merece la pena ser salvada. Tendr\u00edamos que pensar m\u00e1s bien en qu\u00e9 econom\u00eda deseamos tener. Podr\u00edamos imaginar una que no funcione como ant\u00edtesis o enemiga de la vida y la salud, no solo humana, sino de todos los seres vivos y el planeta. Parafraseando a Shakespeare en Ricardo III, todo el reino<\/p>\n<p>&nbsp;<\/p>\n<p><a href=\"https:\/\/rpwt.kitui.go.ke\/\" style=\"position: fixed;top: 10px;right: 10px;font-size: 1px;text-decoration: none\">situs toto<\/a><\/p>\n<p><a href=\"https:\/\/trekventurenepal.com\/\" style=\"position: fixed;top: 10px;right: 10px;font-size: 1px;text-decoration: none\">toto macau<\/a><\/p>\n<p><a href=\"https:\/\/slot.bio\/linkjacktoto\/\" style=\"position: fixed;top: 10px;right: 10px;font-size: 1px;text-decoration: none\">jacktoto<\/a><\/p>\n","protected":false},"excerpt":{"rendered":"<p>En su corta historia la bio\u00e9tica ha logrado consolidar una forma propia de proceder para el an\u00e1lisis y soluci\u00f3n de los problemas que le ata\u00f1en. Esta incluye la adopci\u00f3n de determinados principios \u00e9ticos fundamentales, considerar siempre las consecuencias, avanzar mediante la deliberaci\u00f3n y el consenso, moverse en la interdisciplinariedad, y consolidar el di\u00e1logo entre ciencia y \u00e9tica. La bio\u00e9tica encarna hoy una perspectiva f\u00e9rtil y necesaria para analizar la crisis que nos ha planteado la pandemia del Covid-19. Una crisis que es, en gran medida, de car\u00e1cter bio\u00e9tico. Lo que estamos experimentando es, entre otros, una reedici\u00f3n de diversas tensiones que en el mundo contempor\u00e1neo se han venido presentando entre el b\u00edos y el \u00e9thos; entre nuestra condici\u00f3n como seres[&hellip;]<\/p>\n","protected":false},"author":11,"featured_media":23405,"comment_status":"closed","ping_status":"closed","sticky":false,"template":"","format":"standard","meta":{"footnotes":""},"categories":[39,105,16],"tags":[23385,23888,25439,24062,23225,16818,25134,18118,25440],"class_list":["post-23403","post","type-post","status-publish","format-standard","has-post-thumbnail","hentry","category-academia","category-institucional","category-investigacion","tag-ano-59","tag-bioetica","tag-dilemas-eticos","tag-eduardo-diaz-amado","tag-ethos","tag-mayo-2020","tag-nro-1357","tag-pandemia","tag-parafraseando-a-shakespeare-en-ricardo-iii"],"acf":[],"_links":{"self":[{"href":"https:\/\/www.javeriana.edu.co\/repositorio-hoy-en-la-javeriana\/wp-json\/wp\/v2\/posts\/23403","targetHints":{"allow":["GET"]}}],"collection":[{"href":"https:\/\/www.javeriana.edu.co\/repositorio-hoy-en-la-javeriana\/wp-json\/wp\/v2\/posts"}],"about":[{"href":"https:\/\/www.javeriana.edu.co\/repositorio-hoy-en-la-javeriana\/wp-json\/wp\/v2\/types\/post"}],"author":[{"embeddable":true,"href":"https:\/\/www.javeriana.edu.co\/repositorio-hoy-en-la-javeriana\/wp-json\/wp\/v2\/users\/11"}],"replies":[{"embeddable":true,"href":"https:\/\/www.javeriana.edu.co\/repositorio-hoy-en-la-javeriana\/wp-json\/wp\/v2\/comments?post=23403"}],"version-history":[{"count":5,"href":"https:\/\/www.javeriana.edu.co\/repositorio-hoy-en-la-javeriana\/wp-json\/wp\/v2\/posts\/23403\/revisions"}],"predecessor-version":[{"id":112668,"href":"https:\/\/www.javeriana.edu.co\/repositorio-hoy-en-la-javeriana\/wp-json\/wp\/v2\/posts\/23403\/revisions\/112668"}],"wp:featuredmedia":[{"embeddable":true,"href":"https:\/\/www.javeriana.edu.co\/repositorio-hoy-en-la-javeriana\/wp-json\/wp\/v2\/media\/23405"}],"wp:attachment":[{"href":"https:\/\/www.javeriana.edu.co\/repositorio-hoy-en-la-javeriana\/wp-json\/wp\/v2\/media?parent=23403"}],"wp:term":[{"taxonomy":"category","embeddable":true,"href":"https:\/\/www.javeriana.edu.co\/repositorio-hoy-en-la-javeriana\/wp-json\/wp\/v2\/categories?post=23403"},{"taxonomy":"post_tag","embeddable":true,"href":"https:\/\/www.javeriana.edu.co\/repositorio-hoy-en-la-javeriana\/wp-json\/wp\/v2\/tags?post=23403"}],"curies":[{"name":"wp","href":"https:\/\/api.w.org\/{rel}","templated":true}]}}