{"id":23584,"date":"1975-02-04T11:30:32","date_gmt":"1975-02-04T16:30:32","guid":{"rendered":"https:\/\/www.javeriana.edu.co\/repositorio-hoy-en-la-javeriana\/?p=23584"},"modified":"2022-09-07T11:48:40","modified_gmt":"2022-09-07T16:48:40","slug":"cosas-para-recordar","status":"publish","type":"post","link":"https:\/\/www.javeriana.edu.co\/repositorio-hoy-en-la-javeriana\/cosas-para-recordar\/","title":{"rendered":"Cosas para recordar"},"content":{"rendered":"<p>\u00abHOY EN LA JAVERLANA\u00bb quiere dedicar unas l\u00edneas en sus diferentes n\u00fameros, a lo que podr\u00edamos llamar<u> su historia viva,<\/u> que es el hoy y el ayer dentro de una gran continuidad hist\u00f3rica.<\/p>\n<p>La Universidad Javeriana ha tenido dos grandes \u00e9pocas, a trav\u00e9s de sus 350 a\u00f1os de histor\u00eda: Una, la antigua, que se pierde en los siglos XVII y XVIII, y otra, la nueva, que naci\u00f3 en el a\u00f1o 1931, dentro de los viejos muros del Colegio de San Bartolom\u00e9.<\/p>\n<p>He aqu\u00ed una p\u00e1gina hist\u00f3rica, tomada de un libro llamado de \u00ab<u>Los Profesores <\/u>de la Pontificia Universidad Cat\u00f3lica Javeriana, y que consta de 300 folios \u00fatiles, y que fue abierto el 1o. de febrero de 1943, siendo rector el P. F\u00e9lix Restrepo, S.J, y Secretario el P. Rafael Angulo. El libro, manuscrito, contiene los nombres de todos los profesores de la Universidad; desde 1931 a Julio de 1956, en que se cerr\u00f3. Era Rector el P. Carlos Ortiz Restrepo y Secretario Uladislao Gonz\u00e1lez. 25 a\u00f1os de historia. Su primera p\u00e1gina nos da los profesores de Ciencias Econ\u00f3micas y Jur\u00eddicas en 1931, fe cha de su fundaci\u00f3n. Helos aqu\u00ed:<\/p>\n<p>Rector, R, P. Salvador Restrepo S, J.\u00a0 \u00a0 \u00a0 \u00a0 \u00a0 \u00a0 \u00a0 \u00a0 \u00a0 \u00a0 \u00a0 \u00a0 \u00a0 \u00a0 \u00a0 \u00a0 \u00a0 \u00a0 \u00a0 \u00a0 \u00a0 \u00a0 Profesores:<\/p>\n<p>Decano, Jes\u00fas Mar\u00eda Fern\u00e1ndez S. J. R.P.\u00a0 \u00a0 \u00a0 \u00a0 \u00a0 \u00a0 \u00a0 \u00a0 \u00a0 \u00a0 \u00a0 \u00a0 \u00a0 \u00a0 \u00a0 \u00a0 \u00a0 \u00a0Jes\u00fas Ma. Fern\u00e1ndez, Filos. del Derecho<\/p>\n<p>Secretario, Francisco J. Gonz\u00e1lez S, J.\u00a0 \u00a0 \u00a0 \u00a0 \u00a0 \u00a0 \u00a0 \u00a0 \u00a0 \u00a0 \u00a0 \u00a0 \u00a0 \u00a0 \u00a0 \u00a0 \u00a0 \u00a0 \u00a0 \u00a0 \u00a0R, P. Jos\u00e9 Mar\u00eda Ur\u00eda, Derecho Can\u00f3nico<\/p>\n<p>Profesores: \u00a0 \u00a0 \u00a0 \u00a0 \u00a0 \u00a0 \u00a0 \u00a0 \u00a0 \u00a0 \u00a0 \u00a0 \u00a0 \u00a0 \u00a0 \u00a0 \u00a0 \u00a0 \u00a0 \u00a0 \u00a0 \u00a0 \u00a0 \u00a0 \u00a0 \u00a0 \u00a0 \u00a0 \u00a0 \u00a0 \u00a0 \u00a0 \u00a0 \u00a0 \u00a0 \u00a0 \u00a0 \u00a0 \u00a0 \u00a0 \u00a0 \u00a0Dr, Jos\u00e9 A. Guti\u00e9rrez Ferreira, Estad\u00edstica<\/p>\n<p>Dr. Guillermo Salamanca,\u00a0Hacienda P\u00fablica\u00a0 \u00a0 \u00a0 \u00a0 \u00a0 \u00a0 \u00a0 \u00a0 \u00a0 \u00a0 \u00a0 \u00a0 \u00a0 \u00a0 \u00a0 \u00a0 Dr. Jos\u00e9 Arturo Andrade, Econom\u00eda<\/p>\n<p>Dr. Esteban Jaramillo, Hacienda P\u00fablica\u00a0 \u00a0 \u00a0 \u00a0 \u00a0 \u00a0 \u00a0 \u00a0 \u00a0 \u00a0 \u00a0 \u00a0 \u00a0 \u00a0 \u00a0 \u00a0 \u00a0 \u00a0 \u00a0Dr. Fco. de Paula P\u00e9rez, Der. Constitucional<\/p>\n<p>En estos momentos solo vive el Dr. Francisca de Paula P\u00e9rez.<\/p>\n","protected":false},"excerpt":{"rendered":"<p>\u00abHOY EN LA JAVERLANA\u00bb quiere dedicar unas l\u00edneas en sus diferentes n\u00fameros, a lo que podr\u00edamos llamar su historia viva, que es el hoy y el ayer dentro de una gran continuidad hist\u00f3rica. La Universidad Javeriana ha tenido dos grandes \u00e9pocas, a trav\u00e9s de sus 350 a\u00f1os de histor\u00eda: Una, la antigua, que se pierde en los siglos XVII y XVIII, y otra, la nueva, que naci\u00f3 en el a\u00f1o 1931, dentro de los viejos muros del Colegio de San Bartolom\u00e9. He aqu\u00ed una p\u00e1gina hist\u00f3rica, tomada de un libro llamado de \u00abLos Profesores de la Pontificia Universidad Cat\u00f3lica Javeriana, y que consta de 300 folios \u00fatiles, y que fue abierto el 1o. de febrero de 1943, siendo rector el[&hellip;]<\/p>\n","protected":false},"author":1,"featured_media":20876,"comment_status":"closed","ping_status":"closed","sticky":false,"template":"","format":"standard","meta":{"footnotes":""},"categories":[39,105],"tags":[2886,2943,5215,25588,25594,25584,1500,25591,25592,25593,25595,2941,12030,25597,25596,25598,3022,25589,2944,25590,2530],"class_list":["post-23584","post","type-post","status-publish","format-standard","has-post-thumbnail","hentry","category-academia","category-institucional","tag-carlos-ortiz-restrepo","tag-ciencias-economicas-y-juridicas","tag-colegio-de-san-bartolome","tag-cosas-para-recordar","tag-esteban-jaramillo","tag-febrero-1975","tag-felix-restrepo","tag-francisca-de-paula-perez","tag-francisco-j-gonzalez","tag-guillermo-salamanca","tag-jesus-ma-fernandez","tag-jesus-maria-fernandez","tag-jose-a-gutierrez-ferreira","tag-jose-arturo-andrade","tag-jose-maria-uria","tag-paula-perez","tag-pontificia-universidad-catolica-javeriana","tag-rafael-angulo","tag-salvador-restrepo","tag-uladislao-gonzalez","tag-universidad-javeriana"],"acf":[],"_links":{"self":[{"href":"https:\/\/www.javeriana.edu.co\/repositorio-hoy-en-la-javeriana\/wp-json\/wp\/v2\/posts\/23584","targetHints":{"allow":["GET"]}}],"collection":[{"href":"https:\/\/www.javeriana.edu.co\/repositorio-hoy-en-la-javeriana\/wp-json\/wp\/v2\/posts"}],"about":[{"href":"https:\/\/www.javeriana.edu.co\/repositorio-hoy-en-la-javeriana\/wp-json\/wp\/v2\/types\/post"}],"author":[{"embeddable":true,"href":"https:\/\/www.javeriana.edu.co\/repositorio-hoy-en-la-javeriana\/wp-json\/wp\/v2\/users\/1"}],"replies":[{"embeddable":true,"href":"https:\/\/www.javeriana.edu.co\/repositorio-hoy-en-la-javeriana\/wp-json\/wp\/v2\/comments?post=23584"}],"version-history":[{"count":1,"href":"https:\/\/www.javeriana.edu.co\/repositorio-hoy-en-la-javeriana\/wp-json\/wp\/v2\/posts\/23584\/revisions"}],"predecessor-version":[{"id":23585,"href":"https:\/\/www.javeriana.edu.co\/repositorio-hoy-en-la-javeriana\/wp-json\/wp\/v2\/posts\/23584\/revisions\/23585"}],"wp:featuredmedia":[{"embeddable":true,"href":"https:\/\/www.javeriana.edu.co\/repositorio-hoy-en-la-javeriana\/wp-json\/wp\/v2\/media\/20876"}],"wp:attachment":[{"href":"https:\/\/www.javeriana.edu.co\/repositorio-hoy-en-la-javeriana\/wp-json\/wp\/v2\/media?parent=23584"}],"wp:term":[{"taxonomy":"category","embeddable":true,"href":"https:\/\/www.javeriana.edu.co\/repositorio-hoy-en-la-javeriana\/wp-json\/wp\/v2\/categories?post=23584"},{"taxonomy":"post_tag","embeddable":true,"href":"https:\/\/www.javeriana.edu.co\/repositorio-hoy-en-la-javeriana\/wp-json\/wp\/v2\/tags?post=23584"}],"curies":[{"name":"wp","href":"https:\/\/api.w.org\/{rel}","templated":true}]}}