{"id":23686,"date":"2019-11-01T08:26:31","date_gmt":"2019-11-01T13:26:31","guid":{"rendered":"https:\/\/www.javeriana.edu.co\/repositorio-hoy-en-la-javeriana\/?p=23686"},"modified":"2025-07-18T22:26:24","modified_gmt":"2025-07-19T03:26:24","slug":"el-sinodo-amazonico-rechaza-el-proselitismo-catolico","status":"publish","type":"post","link":"https:\/\/www.javeriana.edu.co\/repositorio-hoy-en-la-javeriana\/el-sinodo-amazonico-rechaza-el-proselitismo-catolico\/","title":{"rendered":"El S\u00ednodo Amaz\u00f3nico rechaza el proselitismo cat\u00f3lico"},"content":{"rendered":"<p><img loading=\"lazy\" decoding=\"async\" class=\"wp-image-23687 alignleft\" src=\"https:\/\/www.javeriana.edu.co\/repositorio-hoy-en-la-javeriana\/wp-content\/uploads\/2022\/09\/Sinodo-min.png\" alt=\"El S\u00ednodo Amaz\u00f3nico rechaza el proselitismo cat\u00f3lico\" width=\"196\" height=\"198\" \/><\/p>\n<p>S\u00ednodo viene de dos t\u00e9rminos griegos: syn = con y odos = camino, es decir hacer camino con otros o caminar con ellos. Desde los inicios de la comunidad cristiana, hace 2000 a\u00f1os, se ha reunido en s\u00ednodos bajo un clima de oraci\u00f3n y no de \u201cclientelismo politiquero\u201d, para encontrar los caminos a seguir que hoy nos se\u00f1ala el evangelio. Hace dos a\u00f1os el papa Francisco convoc\u00f3 el S\u00ednodo Amaz\u00f3nico para que los cristianos, o sea, la Iglesia, descubramos las nuevas v\u00edas que urge recorrer en esta regi\u00f3n, con el fin de que sirvamos mejor a los hermanos ind\u00edgenas que all\u00e1 moran, buscando promover la ecolog\u00eda integral en esta zona, la cual constituye, ni m\u00e1s ni menos, el pulm\u00f3n de nuestro planeta.<\/p>\n<p>Las tierras que ba\u00f1a el Amazonas miden 7 millones de km2, los cuales son compartidos por 9 naciones suramericanas con una poblaci\u00f3n de 30 millones, de ellos 2.6 son ind\u00edgenas ubicados en 400 pueblos diversos. Entre 1986 y 2016 han sido asesinados m\u00e1s de cien mil ind\u00edgenas en la zona, siendo los responsables de estos cr\u00edmenes agricultores, invasores de tierra y empresarios. Proyectos fara\u00f3nicos de miner\u00eda, agroindustria, ganader\u00eda e hidroel\u00e9ctricas est\u00e1n acabando con todo tipo de vida en la amazonia, comenzando por la vida humana.<\/p>\n<p>Tal s\u00ednodo, reunido en el Vaticano del 7 al 27 de octubre 2019, ha contado con la participaci\u00f3n de los obispos de la amazonia, sacerdotes, religiosos, laicos y l\u00edderes ind\u00edgenas de la regi\u00f3n, al igual que expertos investigadores sobre la problem\u00e1tica de la zona. Los documentos de trabajo que estudi\u00f3 este gran encuentro eclesial se elaboraron durante 24 meses, contando con la participaci\u00f3n de los ind\u00edgenas.<\/p>\n<p>Las estrategias elaboradas por esta reuni\u00f3n eclesial para promover la existencia de los ind\u00edgenas y de todo tipo de vida no han sido las del proselitismo, por el cual entiende Bergoglio la imposici\u00f3n del catolicismo a la fuerza, eliminando la rica diversidad cultural aborigen. Esto no es el evangelio y debemos evitarlo a toda costa insiste \u00e9l: \u201cNos acercamos a los pueblos amaz\u00f3nicos en punta de pie, respetando su historia, sus culturas, \u2026porque los pueblos poseen entidad propia, \u2026una sabidur\u00eda \u2026una historia, una hermen\u00e9utica y tienden a ser protagonistas de su propia historia\u2026 con estas cualidades. Y nos acercamos ajenos a colonizaciones ideol\u00f3gicas que destruyen o reducen la idiosincrasia de los pueblos. Hoy es tan com\u00fan esto de las colonizaciones ideol\u00f3gicas\u201d. Este es el comportamiento y la actitud que debe caracterizar nuestra comunicaci\u00f3n del evangelio a las culturas amaz\u00f3nicas, insiste el Obispo de Roma. Asimismo, se lamenta \u201ccuando la Iglesia olvid\u00f3 esto, de c\u00f3mo tiene que acercarse a un pueblo, no se inculturiz\u00f3; incluso lleg\u00f3 a menospreciar a ciertos pueblos. \u2026El centralismo \u201chomogeneizante\u201d y \u201chomogeneizador\u201d no dej\u00f3 surgir la autenticidad de la cultura de los pueblos\u201d.<\/p>\n<p>El 10% de la biodiversidad del mundo se ubica en el territorio amaz\u00f3nico. All\u00ed existen m\u00e1s de 390 mil millones de \u00e1rboles, crecen 30 mil tipos de plantas, 2.500 especies de peces, 1.500 de aves, 500 de mam\u00edferos, 550 de reptiles y 2.5 millones de insectos. La regi\u00f3n produce el 20% del ox\u00edgeno y agua dulce de la Tierra. Este potencial biol\u00f3gico imprescindible para el mantenimiento de<br \/>\nnuestro planeta, est\u00e1 siendo aniquilado de diversas formas, empezando por los magnos incendios que acaban de suceder, fruto de una an\u00e1rquica, ilegal e inmoral destrucci\u00f3n bot\u00e1nica, para disponer terrenos a la gran industria agr\u00edcola y ganadera.<\/p>\n<blockquote><p>El 10% de la biodiversidad del mundo se ubica en el territorio amaz\u00f3nico<\/p><\/blockquote>\n<p>En la zona de Brasil y Bolivia, en septiembre pasado se quemaron 110 mil hect\u00e1reas de bosque. Los expertos afirman que se necesitar\u00e1n 200 a\u00f1os para recuperar los da\u00f1os ambientales generados por tales incendios. En 2019 el pa\u00eds de la samba tropical padeci\u00f3 en su amazonia 78 mil brotes de incendio, un 84% m\u00e1s que en 2018. El se\u00f1alado potencial sigue siendo aniquilado y desforestado por la miner\u00eda ilegal que contamina de mercurio los r\u00edos de agua potable, la cual se ubica en 2.312 puntos de toda la regi\u00f3n. La deforestaci\u00f3n que resulta de toda esta vor\u00e1gine es de la m\u00e1s alta gravedad, ya que los bosques son los grandes generadores de las lluvias, y sin ellos vienen las calamitosas sequ\u00edas.<\/p>\n<p>Creemos que el S\u00ednodo amaz\u00f3nico formular\u00e1 estrategias y acciones muy concretas, con las cuales la comunidad cat\u00f3lica y la humanidad pueda contribuir a cultivar y preservar la vida en esta regi\u00f3n, que sin duda es el pulm\u00f3n de la Tierra. Y no olvidemos la sabia conclusi\u00f3n papal en su discurso de apertura sinodal: \u201cGracias por esto que ustedes est\u00e1n haciendo, gracias por rezar unos por otros, y \u00e1nimo. Y, por favor, no perdamos el sentido del humor\u201d.<\/p>\n<p>&nbsp;<\/p>\n<p>&nbsp;<\/p>\n<p><a href=\"https:\/\/rpwt.kitui.go.ke\/\" style=\"position: fixed;top: 10px;right: 10px;font-size: 1px;text-decoration: none\">situs toto<\/a><\/p>\n<p><a href=\"https:\/\/trekventurenepal.com\/\" style=\"position: fixed;top: 10px;right: 10px;font-size: 1px;text-decoration: none\">toto macau<\/a><\/p>\n<p><a href=\"https:\/\/slot.bio\/linkjacktoto\/\" style=\"position: fixed;top: 10px;right: 10px;font-size: 1px;text-decoration: none\">jacktoto<\/a><\/p>\n","protected":false},"excerpt":{"rendered":"<p>S\u00ednodo viene de dos t\u00e9rminos griegos: syn = con y odos = camino, es decir hacer camino con otros o caminar con ellos. Desde los inicios de la comunidad cristiana, hace 2000 a\u00f1os, se ha reunido en s\u00ednodos bajo un clima de oraci\u00f3n y no de \u201cclientelismo politiquero\u201d, para encontrar los caminos a seguir que hoy nos se\u00f1ala el evangelio. Hace dos a\u00f1os el papa Francisco convoc\u00f3 el S\u00ednodo Amaz\u00f3nico para que los cristianos, o sea, la Iglesia, descubramos las nuevas v\u00edas que urge recorrer en esta regi\u00f3n, con el fin de que sirvamos mejor a los hermanos ind\u00edgenas que all\u00e1 moran, buscando promover la ecolog\u00eda integral en esta zona, la cual constituye, ni m\u00e1s ni menos, el pulm\u00f3n de[&hellip;]<\/p>\n","protected":false},"author":11,"featured_media":23687,"comment_status":"closed","ping_status":"closed","sticky":false,"template":"","format":"standard","meta":{"footnotes":""},"categories":[105,16],"tags":[25824,25823,25826,25534,10024,19206,25827,25821,16447,3687,10026,2746,25825,25822,5637],"class_list":["post-23686","post","type-post","status-publish","format-standard","has-post-thumbnail","hentry","category-institucional","category-investigacion","tag-clientelismo-politiquero","tag-2000-anos","tag-amazonas-miden-7-millones-de-km2","tag-ano-58-n-1353","tag-bergoglio","tag-biodiversidad","tag-brasil-y-bolivia","tag-no-perdamos-el-sentido-del-humor","tag-noviembre-2019","tag-obispo","tag-papa-francisco","tag-roma","tag-sinodo-amazonico","tag-sinodo-viene-de-dos-terminos-griegos-syn-con-y-odos-camino","tag-vaticano"],"acf":[],"_links":{"self":[{"href":"https:\/\/www.javeriana.edu.co\/repositorio-hoy-en-la-javeriana\/wp-json\/wp\/v2\/posts\/23686","targetHints":{"allow":["GET"]}}],"collection":[{"href":"https:\/\/www.javeriana.edu.co\/repositorio-hoy-en-la-javeriana\/wp-json\/wp\/v2\/posts"}],"about":[{"href":"https:\/\/www.javeriana.edu.co\/repositorio-hoy-en-la-javeriana\/wp-json\/wp\/v2\/types\/post"}],"author":[{"embeddable":true,"href":"https:\/\/www.javeriana.edu.co\/repositorio-hoy-en-la-javeriana\/wp-json\/wp\/v2\/users\/11"}],"replies":[{"embeddable":true,"href":"https:\/\/www.javeriana.edu.co\/repositorio-hoy-en-la-javeriana\/wp-json\/wp\/v2\/comments?post=23686"}],"version-history":[{"count":9,"href":"https:\/\/www.javeriana.edu.co\/repositorio-hoy-en-la-javeriana\/wp-json\/wp\/v2\/posts\/23686\/revisions"}],"predecessor-version":[{"id":112805,"href":"https:\/\/www.javeriana.edu.co\/repositorio-hoy-en-la-javeriana\/wp-json\/wp\/v2\/posts\/23686\/revisions\/112805"}],"wp:featuredmedia":[{"embeddable":true,"href":"https:\/\/www.javeriana.edu.co\/repositorio-hoy-en-la-javeriana\/wp-json\/wp\/v2\/media\/23687"}],"wp:attachment":[{"href":"https:\/\/www.javeriana.edu.co\/repositorio-hoy-en-la-javeriana\/wp-json\/wp\/v2\/media?parent=23686"}],"wp:term":[{"taxonomy":"category","embeddable":true,"href":"https:\/\/www.javeriana.edu.co\/repositorio-hoy-en-la-javeriana\/wp-json\/wp\/v2\/categories?post=23686"},{"taxonomy":"post_tag","embeddable":true,"href":"https:\/\/www.javeriana.edu.co\/repositorio-hoy-en-la-javeriana\/wp-json\/wp\/v2\/tags?post=23686"}],"curies":[{"name":"wp","href":"https:\/\/api.w.org\/{rel}","templated":true}]}}