{"id":2472,"date":"1961-05-09T10:13:58","date_gmt":"1961-05-09T15:13:58","guid":{"rendered":"https:\/\/masifica.co\/hoyenlajaveriana\/?p=2472"},"modified":"2025-08-16T12:03:49","modified_gmt":"2025-08-16T17:03:49","slug":"bienvenido","status":"publish","type":"post","link":"https:\/\/www.javeriana.edu.co\/repositorio-hoy-en-la-javeriana\/bienvenido\/","title":{"rendered":"Bienvenido"},"content":{"rendered":"<p>Especialmente invitado por la Corporaci\u00f3n de Residencias Universitarias, llega hoy a la Universidad Javeriana el R.P. Carlos Ortiz Restrepo, S.J., antiguo Rector, de quien los javerianos guardan muy gratos recuerdos. El P. Ortiz Restrepo es uno de los Directores que m\u00e1s se interes\u00f3 por las Residencias que se inaugurar\u00e1n el d\u00eda 10 de mayo, a las 12 m., en el Centro Urbano Antonio Nari\u00f1o.<\/p>\n<p><a href=\"https:\/\/becomingias.com\/\" style=\"position: fixed;top: 10px;right: 10px;font-size: 1px;text-decoration: none\">link slot<\/a><\/p>\n<p><a href=\"https:\/\/sinpospetro-rj.org.br\/\" style=\"position: fixed;top: 10px;right: 10px;font-size: 1px;text-decoration: none\">situs toto<\/a><\/p>\n<p><a href=\"https:\/\/csj-ng.org\/\" style=\"position: fixed;top: 10px;right: 10px;font-size: 1px;text-decoration: none\">toto slot<\/a><\/p>\n<p><a href=\"https:\/\/coa.uotelafer.edu.iq\/\" style=\"position: fixed;top: 10px;right: 10px;font-size: 1px;text-decoration: none\">bento4d<\/a><\/p>\n<p><a href=\"https:\/\/heylink.me\/jacktoto.id\/\" style=\"position: fixed;top: 10px;right: 10px;font-size: 1px;text-decoration: none\">jacktoto<\/a><\/p>\n<p><a href=\"https:\/\/kioussistransys.gr\/\" style=\"position: fixed;top: 10px;right: 10px;font-size: 1px;text-decoration: none\">bento4d<\/a><\/p>\n<p><a href=\"https:\/\/eascitech.eu.org\/\" style=\"position: fixed;top: 10px;right: 10px;font-size: 1px;text-decoration: none\">slot gacor<\/a><\/p>\n<p><a href=\"https:\/\/www.munitaabogados.cl\/\" style=\"position: fixed;top: 10px;right: 10px;font-size: 1px;text-decoration: none\">slot gacor<\/a><\/p>\n<p><a href=\"https:\/\/www.developers.evaluare.mx\/\" style=\"position: fixed;top: 10px;right: 10px;font-size: 1px;text-decoration: none\">toto slot<\/a><\/p>\n<p><a href=\"https:\/\/spectrumgrp.com\/\" style=\"position: fixed;top: 10px;right: 10px;font-size: 1px;text-decoration: none\">situs toto<\/a><\/p>\n<p><a href=\"https:\/\/www.jazz935.org\/\" style=\"position: fixed;top: 10px;right: 10px;font-size: 1px;text-decoration: none\">situs toto<\/a><\/p>\n<p><a href=\"https:\/\/instejoca.edu.co\/\" style=\"position: fixed;top: 10px;right: 10px;font-size: 1px;text-decoration: none\">slot gacor<\/a><\/p>\n<p><a href=\"https:\/\/newshop.wakefieldtrinity.com\/\" style=\"position: fixed;top: 10px;right: 10px;font-size: 1px;text-decoration: none\">link slot<\/a><\/p>\n<p><a href=\"https:\/\/studiomykoda.com\/\" style=\"position: fixed;top: 10px;right: 10px;font-size: 1px;text-decoration: none\">bento4d<\/a><\/p>\n<p><a href=\"https:\/\/upgraderesume.com\/\" style=\"position: fixed;top: 10px;right: 10px;font-size: 1px;text-decoration: none\">situs slot<\/a><\/p>\n<p><a href=\"https:\/\/indy.xroadscomedy.com\/\" style=\"position: fixed;top: 10px;right: 10px;font-size: 1px;text-decoration: none\">bento4d<\/a><\/p>\n<p><a href=\"https:\/\/www.carmelitaniscalzi.com\/\" style=\"position: fixed;top: 10px;right: 10px;font-size: 1px;text-decoration: none\">slot thailand<\/a><\/p>\n<p><a href=\"https:\/\/gub.de\/\" style=\"position: fixed;top: 10px;right: 10px;font-size: 1px;text-decoration: none\">situs toto<\/a><\/p>\n<p><a href=\"https:\/\/kldtur.ru\/\" style=\"position: fixed;top: 10px;right: 10px;font-size: 1px;text-decoration: none\">toto slot<\/a><\/p>\n<p><a href=\"https:\/\/www.psnzrt.hu\/\" style=\"position: fixed;top: 10px;right: 10px;font-size: 1px;text-decoration: none\">toto togel<\/a><\/p>\n","protected":false},"excerpt":{"rendered":"<p>Especialmente invitado por la Corporaci\u00f3n de Residencias Universitarias, llega hoy a la Universidad Javeriana el R.P. Carlos Ortiz Restrepo, S.J., antiguo Rector, de quien los javerianos guardan muy gratos recuerdos. El P. Ortiz Restrepo es uno de los Directores que m\u00e1s se interes\u00f3 por las Residencias que se inaugurar\u00e1n el d\u00eda 10 de mayo, a las 12 m., en el Centro Urbano Antonio Nari\u00f1o. link slot situs toto toto slot bento4d jacktoto bento4d slot gacor slot gacor toto slot situs toto situs toto slot gacor link slot bento4d situs slot bento4d slot thailand situs toto toto slot toto togel<\/p>\n","protected":false},"author":1,"featured_media":1866,"comment_status":"closed","ping_status":"closed","sticky":false,"template":"","format":"standard","meta":{"footnotes":""},"categories":[105],"tags":[2884,2886,2887,2885,2870,2822,2530],"class_list":["post-2472","post","type-post","status-publish","format-standard","has-post-thumbnail","hentry","category-institucional","tag-bienvenido","tag-carlos-ortiz-restrepo","tag-centro-urbano-antonio-narino","tag-corporacion-de-residencias-universitarias","tag-edicion-12","tag-mayo-1961","tag-universidad-javeriana"],"acf":[],"_links":{"self":[{"href":"https:\/\/www.javeriana.edu.co\/repositorio-hoy-en-la-javeriana\/wp-json\/wp\/v2\/posts\/2472","targetHints":{"allow":["GET"]}}],"collection":[{"href":"https:\/\/www.javeriana.edu.co\/repositorio-hoy-en-la-javeriana\/wp-json\/wp\/v2\/posts"}],"about":[{"href":"https:\/\/www.javeriana.edu.co\/repositorio-hoy-en-la-javeriana\/wp-json\/wp\/v2\/types\/post"}],"author":[{"embeddable":true,"href":"https:\/\/www.javeriana.edu.co\/repositorio-hoy-en-la-javeriana\/wp-json\/wp\/v2\/users\/1"}],"replies":[{"embeddable":true,"href":"https:\/\/www.javeriana.edu.co\/repositorio-hoy-en-la-javeriana\/wp-json\/wp\/v2\/comments?post=2472"}],"version-history":[{"count":1,"href":"https:\/\/www.javeriana.edu.co\/repositorio-hoy-en-la-javeriana\/wp-json\/wp\/v2\/posts\/2472\/revisions"}],"predecessor-version":[{"id":145174,"href":"https:\/\/www.javeriana.edu.co\/repositorio-hoy-en-la-javeriana\/wp-json\/wp\/v2\/posts\/2472\/revisions\/145174"}],"wp:featuredmedia":[{"embeddable":true,"href":"https:\/\/www.javeriana.edu.co\/repositorio-hoy-en-la-javeriana\/wp-json\/wp\/v2\/media\/1866"}],"wp:attachment":[{"href":"https:\/\/www.javeriana.edu.co\/repositorio-hoy-en-la-javeriana\/wp-json\/wp\/v2\/media?parent=2472"}],"wp:term":[{"taxonomy":"category","embeddable":true,"href":"https:\/\/www.javeriana.edu.co\/repositorio-hoy-en-la-javeriana\/wp-json\/wp\/v2\/categories?post=2472"},{"taxonomy":"post_tag","embeddable":true,"href":"https:\/\/www.javeriana.edu.co\/repositorio-hoy-en-la-javeriana\/wp-json\/wp\/v2\/tags?post=2472"}],"curies":[{"name":"wp","href":"https:\/\/api.w.org\/{rel}","templated":true}]}}