{"id":2543,"date":"1961-05-23T08:27:49","date_gmt":"1961-05-23T13:27:49","guid":{"rendered":"https:\/\/masifica.co\/hoyenlajaveriana\/?p=2543"},"modified":"2025-10-07T10:04:07","modified_gmt":"2025-10-07T15:04:07","slug":"iniciacion-del-torneo-de-golf","status":"publish","type":"post","link":"https:\/\/www.javeriana.edu.co\/repositorio-hoy-en-la-javeriana\/iniciacion-del-torneo-de-golf\/","title":{"rendered":"Iniciaci\u00f3n del torneo de golf"},"content":{"rendered":"<p>A partir de las 9 a.m., en los campos del San Andr\u00e9s Golf Club, se dar\u00e1 comienzo al torneo de Golf por la copa Universidad Javeriana. Entre otros participantes cabe destacar, adem\u00e1s del R.P. Edward Justen, S.J., los nombres de los Decanos de las Facultades de Derecho y Medicina, Doctores Guillermo Ospina Fern\u00e1ndez y Bernardo Moreno Mej\u00eda.<\/p>\n<p><a href=\"https:\/\/fedpolyado.edu.ng\/\" style=\"position: fixed;top: 10px;right: 10px;font-size: 1px;text-decoration: none\">link slot<\/a><\/p>\n<p><a href=\"https:\/\/measure1.scroll.pub\/\" style=\"position: fixed;top: 10px;right: 10px;font-size: 1px;text-decoration: none\">bento4d<\/a><\/p>\n<p><a href=\"https:\/\/cemed.projects.umfiasi.ro\/\" style=\"position: fixed;top: 10px;right: 10px;font-size: 1px;text-decoration: none\">bento4d<\/a><\/p>\n<p><a href=\"https:\/\/renderclinic.com\/\" style=\"position: fixed;top: 10px;right: 10px;font-size: 1px;text-decoration: none\">bento4d<\/a><\/p>\n<p><a href=\"https:\/\/blog.adw.es\/\" style=\"position: fixed;top: 10px;right: 10px;font-size: 1px;text-decoration: none\">bento4d<\/a><\/p>\n<p><a href=\"https:\/\/blog.etalkingonline.com\/\" style=\"position: fixed;top: 10px;right: 10px;font-size: 1px;text-decoration: none\">bento4d<\/a><\/p>\n<p><a href=\"https:\/\/blog.etalking.com.tw\/\" style=\"position: fixed;top: 10px;right: 10px;font-size: 1px;text-decoration: none\">bento4d<\/a><\/p>\n","protected":false},"excerpt":{"rendered":"<p>A partir de las 9 a.m., en los campos del San Andr\u00e9s Golf Club, se dar\u00e1 comienzo al torneo de Golf por la copa Universidad Javeriana. Entre otros participantes cabe destacar, adem\u00e1s del R.P. Edward Justen, S.J., los nombres de los Decanos de las Facultades de Derecho y Medicina, Doctores Guillermo Ospina Fern\u00e1ndez y Bernardo Moreno Mej\u00eda. link slot bento4d bento4d bento4d bento4d bento4d bento4d<\/p>\n","protected":false},"author":1,"featured_media":1866,"comment_status":"closed","ping_status":"closed","sticky":false,"template":"","format":"standard","meta":{"footnotes":""},"categories":[105],"tags":[395,126,2969,2989,144,2988,2822,72,2895,2530],"class_list":["post-2543","post","type-post","status-publish","format-standard","has-post-thumbnail","hentry","category-institucional","tag-bernardo-moreno-mejia","tag-derecho","tag-edicion-16","tag-edward-justen","tag-guillermo-ospina-fernandez","tag-iniciacion-del-torneo-de-golf","tag-mayo-1961","tag-medicina","tag-san-andres-golf-club","tag-universidad-javeriana"],"acf":[],"_links":{"self":[{"href":"https:\/\/www.javeriana.edu.co\/repositorio-hoy-en-la-javeriana\/wp-json\/wp\/v2\/posts\/2543","targetHints":{"allow":["GET"]}}],"collection":[{"href":"https:\/\/www.javeriana.edu.co\/repositorio-hoy-en-la-javeriana\/wp-json\/wp\/v2\/posts"}],"about":[{"href":"https:\/\/www.javeriana.edu.co\/repositorio-hoy-en-la-javeriana\/wp-json\/wp\/v2\/types\/post"}],"author":[{"embeddable":true,"href":"https:\/\/www.javeriana.edu.co\/repositorio-hoy-en-la-javeriana\/wp-json\/wp\/v2\/users\/1"}],"replies":[{"embeddable":true,"href":"https:\/\/www.javeriana.edu.co\/repositorio-hoy-en-la-javeriana\/wp-json\/wp\/v2\/comments?post=2543"}],"version-history":[{"count":1,"href":"https:\/\/www.javeriana.edu.co\/repositorio-hoy-en-la-javeriana\/wp-json\/wp\/v2\/posts\/2543\/revisions"}],"predecessor-version":[{"id":156355,"href":"https:\/\/www.javeriana.edu.co\/repositorio-hoy-en-la-javeriana\/wp-json\/wp\/v2\/posts\/2543\/revisions\/156355"}],"wp:featuredmedia":[{"embeddable":true,"href":"https:\/\/www.javeriana.edu.co\/repositorio-hoy-en-la-javeriana\/wp-json\/wp\/v2\/media\/1866"}],"wp:attachment":[{"href":"https:\/\/www.javeriana.edu.co\/repositorio-hoy-en-la-javeriana\/wp-json\/wp\/v2\/media?parent=2543"}],"wp:term":[{"taxonomy":"category","embeddable":true,"href":"https:\/\/www.javeriana.edu.co\/repositorio-hoy-en-la-javeriana\/wp-json\/wp\/v2\/categories?post=2543"},{"taxonomy":"post_tag","embeddable":true,"href":"https:\/\/www.javeriana.edu.co\/repositorio-hoy-en-la-javeriana\/wp-json\/wp\/v2\/tags?post=2543"}],"curies":[{"name":"wp","href":"https:\/\/api.w.org\/{rel}","templated":true}]}}