{"id":2547,"date":"1961-05-23T08:41:12","date_gmt":"1961-05-23T13:41:12","guid":{"rendered":"https:\/\/masifica.co\/hoyenlajaveriana\/?p=2547"},"modified":"2025-10-07T10:04:14","modified_gmt":"2025-10-07T15:04:14","slug":"nombramiento","status":"publish","type":"post","link":"https:\/\/www.javeriana.edu.co\/repositorio-hoy-en-la-javeriana\/nombramiento\/","title":{"rendered":"Nombramiento"},"content":{"rendered":"<p>Para regentar la c\u00e1tedra de Instructor de Morfolog\u00eda en la Facultad de Odontolog\u00eda, ha sido nombrado el Sr. Edgard Mafla Lasso, en reemplazo del Dr. Gonzalo Rodr\u00edguez, quien renunci\u00f3.<\/p>\n<p><a href=\"https:\/\/fedpolyado.edu.ng\/\" style=\"position: fixed;top: 10px;right: 10px;font-size: 1px;text-decoration: none\">link slot<\/a><\/p>\n<p><a href=\"https:\/\/measure1.scroll.pub\/\" style=\"position: fixed;top: 10px;right: 10px;font-size: 1px;text-decoration: none\">bento4d<\/a><\/p>\n<p><a href=\"https:\/\/cemed.projects.umfiasi.ro\/\" style=\"position: fixed;top: 10px;right: 10px;font-size: 1px;text-decoration: none\">bento4d<\/a><\/p>\n<p><a href=\"https:\/\/renderclinic.com\/\" style=\"position: fixed;top: 10px;right: 10px;font-size: 1px;text-decoration: none\">bento4d<\/a><\/p>\n<p><a href=\"https:\/\/blog.adw.es\/\" style=\"position: fixed;top: 10px;right: 10px;font-size: 1px;text-decoration: none\">bento4d<\/a><\/p>\n<p><a href=\"https:\/\/blog.etalkingonline.com\/\" style=\"position: fixed;top: 10px;right: 10px;font-size: 1px;text-decoration: none\">bento4d<\/a><\/p>\n<p><a href=\"https:\/\/blog.etalking.com.tw\/\" style=\"position: fixed;top: 10px;right: 10px;font-size: 1px;text-decoration: none\">bento4d<\/a><\/p>\n","protected":false},"excerpt":{"rendered":"<p>Para regentar la c\u00e1tedra de Instructor de Morfolog\u00eda en la Facultad de Odontolog\u00eda, ha sido nombrado el Sr. Edgard Mafla Lasso, en reemplazo del Dr. Gonzalo Rodr\u00edguez, quien renunci\u00f3. link slot bento4d bento4d bento4d bento4d bento4d bento4d<\/p>\n","protected":false},"author":1,"featured_media":1866,"comment_status":"closed","ping_status":"closed","sticky":false,"template":"","format":"standard","meta":{"footnotes":""},"categories":[39,105],"tags":[2994,2969,2995,2822,2993,115],"class_list":["post-2547","post","type-post","status-publish","format-standard","has-post-thumbnail","hentry","category-academia","category-institucional","tag-edgard-mafla-lasso","tag-edicion-16","tag-gonzalo-rodriguez","tag-mayo-1961","tag-nombramiento","tag-odontologia"],"acf":[],"_links":{"self":[{"href":"https:\/\/www.javeriana.edu.co\/repositorio-hoy-en-la-javeriana\/wp-json\/wp\/v2\/posts\/2547","targetHints":{"allow":["GET"]}}],"collection":[{"href":"https:\/\/www.javeriana.edu.co\/repositorio-hoy-en-la-javeriana\/wp-json\/wp\/v2\/posts"}],"about":[{"href":"https:\/\/www.javeriana.edu.co\/repositorio-hoy-en-la-javeriana\/wp-json\/wp\/v2\/types\/post"}],"author":[{"embeddable":true,"href":"https:\/\/www.javeriana.edu.co\/repositorio-hoy-en-la-javeriana\/wp-json\/wp\/v2\/users\/1"}],"replies":[{"embeddable":true,"href":"https:\/\/www.javeriana.edu.co\/repositorio-hoy-en-la-javeriana\/wp-json\/wp\/v2\/comments?post=2547"}],"version-history":[{"count":1,"href":"https:\/\/www.javeriana.edu.co\/repositorio-hoy-en-la-javeriana\/wp-json\/wp\/v2\/posts\/2547\/revisions"}],"predecessor-version":[{"id":156357,"href":"https:\/\/www.javeriana.edu.co\/repositorio-hoy-en-la-javeriana\/wp-json\/wp\/v2\/posts\/2547\/revisions\/156357"}],"wp:featuredmedia":[{"embeddable":true,"href":"https:\/\/www.javeriana.edu.co\/repositorio-hoy-en-la-javeriana\/wp-json\/wp\/v2\/media\/1866"}],"wp:attachment":[{"href":"https:\/\/www.javeriana.edu.co\/repositorio-hoy-en-la-javeriana\/wp-json\/wp\/v2\/media?parent=2547"}],"wp:term":[{"taxonomy":"category","embeddable":true,"href":"https:\/\/www.javeriana.edu.co\/repositorio-hoy-en-la-javeriana\/wp-json\/wp\/v2\/categories?post=2547"},{"taxonomy":"post_tag","embeddable":true,"href":"https:\/\/www.javeriana.edu.co\/repositorio-hoy-en-la-javeriana\/wp-json\/wp\/v2\/tags?post=2547"}],"curies":[{"name":"wp","href":"https:\/\/api.w.org\/{rel}","templated":true}]}}