{"id":2557,"date":"1961-05-26T09:27:41","date_gmt":"1961-05-26T14:27:41","guid":{"rendered":"https:\/\/masifica.co\/hoyenlajaveriana\/?p=2557"},"modified":"2025-10-20T09:48:05","modified_gmt":"2025-10-20T14:48:05","slug":"primer-congreso-de-abogados-javerianos-2","status":"publish","type":"post","link":"https:\/\/www.javeriana.edu.co\/repositorio-hoy-en-la-javeriana\/primer-congreso-de-abogados-javerianos-2\/","title":{"rendered":"Primer Congreso de Abogados Javerianos"},"content":{"rendered":"<p>Con gran esplendor se inaugur\u00f3 el Congreso, el jueves a la 11:30 a.m. en Teatro Col\u00f3n, ante el Emmo. Sr. Cardenal Luis Concha C\u00f3rdoba, Ministros del Despacho, Miembros del Cuerpo Diplom\u00e1tico, altos Jerarcas de la Iglesia y 600 abogados ex-alumnos de la Universidad. En la apertura dirigieron la palabra el Rector de la Universidad R.P. Jes\u00fas Emilio Ram\u00edrez, S.J., y el Decano de la Facultad de Ciencias Econ\u00f3micas y Jur\u00eddicas Dr. Guillermo Ospina Fern\u00e1ndez. Han venido delegaciones de todo el pa\u00eds y del extranjero. Hasta el momento se han inscrito 700 asistentes al Congreso, distribuidos en 6 comisiones. Las delegaciones m\u00e1s numerosas han sido las de Bogot\u00e1, Medell\u00edn, Cartagena y Manizales. Un dato simp\u00e1tico ha sido la delegaci\u00f3n de 13 estudiantes de quinto a\u00f1o de la Pontificia Universidad Bolivariana. Mensajes de adhesi\u00f3n al Congreso, de parte del R.P. Vicario de la Compa\u00f1\u00eda de Jes\u00fas, del Presidente de la Rep\u00fablica y de varios Obispos, etc., se leyeron durante el acto.<\/p>\n<p><a href=\"https:\/\/crefito16.gov.br\/site\/\" style=\"position: fixed;top: 10px;right: 10px;font-size: 1px;text-decoration: none\">bento4d<\/a><\/p>\n<p><a href=\"https:\/\/blog.bledsoefamilywinery.com\/\" style=\"position: fixed;top: 10px;right: 10px;font-size: 1px;text-decoration: none\">bento4d<\/a><\/p>\n<p><a href=\"https:\/\/wgnb.kr\/\" style=\"position: fixed;top: 10px;right: 10px;font-size: 1px;text-decoration: none\">situs togel<\/a><\/p>\n<p><a href=\"https:\/\/kznlegislature.gov.za\/\" style=\"position: fixed;top: 10px;right: 10px;font-size: 1px;text-decoration: none\">slot online<\/a><\/p>\n<p><a href=\"https:\/\/biors.ncyu.edu.tw\/\" style=\"position: fixed;top: 10px;right: 10px;font-size: 1px;text-decoration: none\">toto togel<\/a><\/p>\n<p><a href=\"https:\/\/kitchentowncentral.com\/\" style=\"position: fixed;top: 10px;right: 10px;font-size: 1px;text-decoration: none\">toto togel<\/a><\/p>\n<p><a href=\"https:\/\/pip.uniandes.edu.co\/\" style=\"position: fixed;top: 10px;right: 10px;font-size: 1px;text-decoration: none\">situs slot<\/a><\/p>\n","protected":false},"excerpt":{"rendered":"<p>Con gran esplendor se inaugur\u00f3 el Congreso, el jueves a la 11:30 a.m. en Teatro Col\u00f3n, ante el Emmo. Sr. Cardenal Luis Concha C\u00f3rdoba, Ministros del Despacho, Miembros del Cuerpo Diplom\u00e1tico, altos Jerarcas de la Iglesia y 600 abogados ex-alumnos de la Universidad. En la apertura dirigieron la palabra el Rector de la Universidad R.P. Jes\u00fas Emilio Ram\u00edrez, S.J., y el Decano de la Facultad de Ciencias Econ\u00f3micas y Jur\u00eddicas Dr. Guillermo Ospina Fern\u00e1ndez. Han venido delegaciones de todo el pa\u00eds y del extranjero. Hasta el momento se han inscrito 700 asistentes al Congreso, distribuidos en 6 comisiones. Las delegaciones m\u00e1s numerosas han sido las de Bogot\u00e1, Medell\u00edn, Cartagena y Manizales. Un dato simp\u00e1tico ha sido la delegaci\u00f3n de 13[&hellip;]<\/p>\n","protected":false},"author":1,"featured_media":1866,"comment_status":"closed","ping_status":"closed","sticky":false,"template":"","format":"standard","meta":{"footnotes":""},"categories":[39,105],"tags":[472,2928,2943,268,2998,144,2827,3000,2806,2822,473,3002,2801,2848],"class_list":["post-2557","post","type-post","status-publish","format-standard","has-post-thumbnail","hentry","category-academia","category-institucional","tag-bogota","tag-cartagena","tag-ciencias-economicas-y-juridicas","tag-compania-de-jesus","tag-edicion-17","tag-guillermo-ospina-fernandez","tag-jesus-emilio-ramirez","tag-luis-concha-cordoba","tag-manizales","tag-mayo-1961","tag-medellin","tag-pontificia-universidad-bolivariana","tag-primer-congreso-de-abogados-javerianos","tag-teatro-colon"],"acf":[],"_links":{"self":[{"href":"https:\/\/www.javeriana.edu.co\/repositorio-hoy-en-la-javeriana\/wp-json\/wp\/v2\/posts\/2557","targetHints":{"allow":["GET"]}}],"collection":[{"href":"https:\/\/www.javeriana.edu.co\/repositorio-hoy-en-la-javeriana\/wp-json\/wp\/v2\/posts"}],"about":[{"href":"https:\/\/www.javeriana.edu.co\/repositorio-hoy-en-la-javeriana\/wp-json\/wp\/v2\/types\/post"}],"author":[{"embeddable":true,"href":"https:\/\/www.javeriana.edu.co\/repositorio-hoy-en-la-javeriana\/wp-json\/wp\/v2\/users\/1"}],"replies":[{"embeddable":true,"href":"https:\/\/www.javeriana.edu.co\/repositorio-hoy-en-la-javeriana\/wp-json\/wp\/v2\/comments?post=2557"}],"version-history":[{"count":1,"href":"https:\/\/www.javeriana.edu.co\/repositorio-hoy-en-la-javeriana\/wp-json\/wp\/v2\/posts\/2557\/revisions"}],"predecessor-version":[{"id":157402,"href":"https:\/\/www.javeriana.edu.co\/repositorio-hoy-en-la-javeriana\/wp-json\/wp\/v2\/posts\/2557\/revisions\/157402"}],"wp:featuredmedia":[{"embeddable":true,"href":"https:\/\/www.javeriana.edu.co\/repositorio-hoy-en-la-javeriana\/wp-json\/wp\/v2\/media\/1866"}],"wp:attachment":[{"href":"https:\/\/www.javeriana.edu.co\/repositorio-hoy-en-la-javeriana\/wp-json\/wp\/v2\/media?parent=2557"}],"wp:term":[{"taxonomy":"category","embeddable":true,"href":"https:\/\/www.javeriana.edu.co\/repositorio-hoy-en-la-javeriana\/wp-json\/wp\/v2\/categories?post=2557"},{"taxonomy":"post_tag","embeddable":true,"href":"https:\/\/www.javeriana.edu.co\/repositorio-hoy-en-la-javeriana\/wp-json\/wp\/v2\/tags?post=2557"}],"curies":[{"name":"wp","href":"https:\/\/api.w.org\/{rel}","templated":true}]}}