{"id":2698,"date":"1961-06-20T12:50:42","date_gmt":"1961-06-20T17:50:42","guid":{"rendered":"https:\/\/masifica.co\/hoyenlajaveriana\/?p=2698"},"modified":"2019-06-05T12:53:54","modified_gmt":"2019-06-05T17:53:54","slug":"el-padre-rector-regreso-de-los-estados-unidos","status":"publish","type":"post","link":"https:\/\/www.javeriana.edu.co\/repositorio-hoy-en-la-javeriana\/el-padre-rector-regreso-de-los-estados-unidos\/","title":{"rendered":"El Padre Rector regreso de los Estados Unidos"},"content":{"rendered":"<p>En un viaje cuyo recorrido incluy\u00f3 a las ciudades de Washington, Nueva York y St. Louis, el R.P. Rector estuvo activando la soluci\u00f3n de algunos problemas en favor de la Universidad Javeriana. Entre estos el del nuevo Instituto Electr\u00f3nico de Lenguas y Ling\u00fc\u00edstica, que se instalar\u00e1 en los pr\u00f3ximos meses en la Universidad, con 100 m\u00e1quinas electr\u00f3nicas para le ense\u00f1anza del Ingl\u00e9s, Franc\u00e9s y Alem\u00e1n; el de profesores para el Departamento de Servicio Social, en conexi\u00f3n con la Escuela de Servicio Social de la Universidad de Fordham; el de ayuda de profesores para algunas Facultades de la Universidad, por parte de la Universidad de St. Louis, Missouri, y para intercambio de profesores y alumnos entre esta Universidad y otras de los Estados Unidos.<\/p>\n","protected":false},"excerpt":{"rendered":"<p>En un viaje cuyo recorrido incluy\u00f3 a las ciudades de Washington, Nueva York y St. Louis, el R.P. Rector estuvo activando la soluci\u00f3n de algunos problemas en favor de la Universidad Javeriana. Entre estos el del nuevo Instituto Electr\u00f3nico de Lenguas y Ling\u00fc\u00edstica, que se instalar\u00e1 en los pr\u00f3ximos meses en la Universidad, con 100 m\u00e1quinas electr\u00f3nicas para le ense\u00f1anza del Ingl\u00e9s, Franc\u00e9s y Alem\u00e1n; el de profesores para el Departamento de Servicio Social, en conexi\u00f3n con la Escuela de Servicio Social de la Universidad de Fordham; el de ayuda de profesores para algunas Facultades de la Universidad, por parte de la Universidad de St. Louis, Missouri, y para intercambio de profesores y alumnos entre esta Universidad y otras de[&hellip;]<\/p>\n","protected":false},"author":1,"featured_media":1866,"comment_status":"closed","ping_status":"closed","sticky":false,"template":"","format":"standard","meta":{"footnotes":""},"categories":[105],"tags":[3179,3180,3171,3173,3181,3178,3177,3176,3059,3183,539,3175,3125,3182,2530,3174],"class_list":["post-2698","post","type-post","status-publish","format-standard","has-post-thumbnail","hentry","category-institucional","tag-aleman","tag-departamento-de-servicio-social","tag-edicion-25","tag-el-padre-rector-regreso-de-los-estados-unidos","tag-escuela-de-servicio-social","tag-frances","tag-ingles","tag-instituto-electronico-de-lenguas-y-linguistica","tag-junio-1961","tag-missouri","tag-nueva-york","tag-st-louis","tag-universidad-de-fordham","tag-universidad-de-st-louis","tag-universidad-javeriana","tag-washington"],"acf":[],"_links":{"self":[{"href":"https:\/\/www.javeriana.edu.co\/repositorio-hoy-en-la-javeriana\/wp-json\/wp\/v2\/posts\/2698","targetHints":{"allow":["GET"]}}],"collection":[{"href":"https:\/\/www.javeriana.edu.co\/repositorio-hoy-en-la-javeriana\/wp-json\/wp\/v2\/posts"}],"about":[{"href":"https:\/\/www.javeriana.edu.co\/repositorio-hoy-en-la-javeriana\/wp-json\/wp\/v2\/types\/post"}],"author":[{"embeddable":true,"href":"https:\/\/www.javeriana.edu.co\/repositorio-hoy-en-la-javeriana\/wp-json\/wp\/v2\/users\/1"}],"replies":[{"embeddable":true,"href":"https:\/\/www.javeriana.edu.co\/repositorio-hoy-en-la-javeriana\/wp-json\/wp\/v2\/comments?post=2698"}],"version-history":[{"count":0,"href":"https:\/\/www.javeriana.edu.co\/repositorio-hoy-en-la-javeriana\/wp-json\/wp\/v2\/posts\/2698\/revisions"}],"wp:featuredmedia":[{"embeddable":true,"href":"https:\/\/www.javeriana.edu.co\/repositorio-hoy-en-la-javeriana\/wp-json\/wp\/v2\/media\/1866"}],"wp:attachment":[{"href":"https:\/\/www.javeriana.edu.co\/repositorio-hoy-en-la-javeriana\/wp-json\/wp\/v2\/media?parent=2698"}],"wp:term":[{"taxonomy":"category","embeddable":true,"href":"https:\/\/www.javeriana.edu.co\/repositorio-hoy-en-la-javeriana\/wp-json\/wp\/v2\/categories?post=2698"},{"taxonomy":"post_tag","embeddable":true,"href":"https:\/\/www.javeriana.edu.co\/repositorio-hoy-en-la-javeriana\/wp-json\/wp\/v2\/tags?post=2698"}],"curies":[{"name":"wp","href":"https:\/\/api.w.org\/{rel}","templated":true}]}}