{"id":2904,"date":"1961-08-25T14:23:16","date_gmt":"1961-08-25T19:23:16","guid":{"rendered":"https:\/\/masifica.co\/hoyenlajaveriana\/?p=2904"},"modified":"2019-06-07T14:26:10","modified_gmt":"2019-06-07T19:26:10","slug":"dia-del-companero","status":"publish","type":"post","link":"https:\/\/www.javeriana.edu.co\/repositorio-hoy-en-la-javeriana\/dia-del-companero\/","title":{"rendered":"D\u00eda del compa\u00f1ero"},"content":{"rendered":"<p>La OCUM informa que el a\u00f1o pasado se recolect\u00f3, entre el generoso estudiantado javeriano, la suma de $ 2.061.21 destinados, seg\u00fan la voluntad de sus donantes, a ayudar econ\u00f3micamente a javerianos necesitados. En el Caf\u00e9 de la Universidad fue p\u00fablicamente rifada la Facultad que habr\u00eda de recibir la beca. Correspondi\u00f3 al R.P. Carlos Ortiz Restrepo, S.J., Rector Magn\u00edfico de la Universidad, efectuarla, saliendo favorecida la Facultad de Arquitectura. El saldo del dinero fue nuevamente sorteado obteni\u00e9ndolo la Facultad de Medicina. Como es obvio, los nombres de los favorecidos no pueden ser dados a la publicidad. Este a\u00f1o se recolect\u00f3 la suma de $ 2.279.72, cuyo sorteo se verificar\u00e1 el pr\u00f3ximo lunes 28, en el Caf\u00e9 de la Universidad. La OCUM agradece a todas las personas que, en forma tan generosa, han contribuido al \u00e9xito de esta bella labor.<\/p>\n","protected":false},"excerpt":{"rendered":"<p>La OCUM informa que el a\u00f1o pasado se recolect\u00f3, entre el generoso estudiantado javeriano, la suma de $ 2.061.21 destinados, seg\u00fan la voluntad de sus donantes, a ayudar econ\u00f3micamente a javerianos necesitados. En el Caf\u00e9 de la Universidad fue p\u00fablicamente rifada la Facultad que habr\u00eda de recibir la beca. Correspondi\u00f3 al R.P. Carlos Ortiz Restrepo, S.J., Rector Magn\u00edfico de la Universidad, efectuarla, saliendo favorecida la Facultad de Arquitectura. El saldo del dinero fue nuevamente sorteado obteni\u00e9ndolo la Facultad de Medicina. Como es obvio, los nombres de los favorecidos no pueden ser dados a la publicidad. Este a\u00f1o se recolect\u00f3 la suma de $ 2.279.72, cuyo sorteo se verificar\u00e1 el pr\u00f3ximo lunes 28, en el Caf\u00e9 de la Universidad. La OCUM[&hellip;]<\/p>\n","protected":false},"author":1,"featured_media":1866,"comment_status":"closed","ping_status":"closed","sticky":false,"template":"","format":"standard","meta":{"footnotes":""},"categories":[105],"tags":[3433,2886,3530,3529,107,97,228,2530],"class_list":["post-2904","post","type-post","status-publish","format-standard","has-post-thumbnail","hentry","category-institucional","tag-agosto-1961","tag-carlos-ortiz-restrepo","tag-dia-del-companero","tag-edicion-37","tag-facultad-de-arquitectura","tag-facultad-de-medicina","tag-ocum","tag-universidad-javeriana"],"acf":[],"_links":{"self":[{"href":"https:\/\/www.javeriana.edu.co\/repositorio-hoy-en-la-javeriana\/wp-json\/wp\/v2\/posts\/2904","targetHints":{"allow":["GET"]}}],"collection":[{"href":"https:\/\/www.javeriana.edu.co\/repositorio-hoy-en-la-javeriana\/wp-json\/wp\/v2\/posts"}],"about":[{"href":"https:\/\/www.javeriana.edu.co\/repositorio-hoy-en-la-javeriana\/wp-json\/wp\/v2\/types\/post"}],"author":[{"embeddable":true,"href":"https:\/\/www.javeriana.edu.co\/repositorio-hoy-en-la-javeriana\/wp-json\/wp\/v2\/users\/1"}],"replies":[{"embeddable":true,"href":"https:\/\/www.javeriana.edu.co\/repositorio-hoy-en-la-javeriana\/wp-json\/wp\/v2\/comments?post=2904"}],"version-history":[{"count":0,"href":"https:\/\/www.javeriana.edu.co\/repositorio-hoy-en-la-javeriana\/wp-json\/wp\/v2\/posts\/2904\/revisions"}],"wp:featuredmedia":[{"embeddable":true,"href":"https:\/\/www.javeriana.edu.co\/repositorio-hoy-en-la-javeriana\/wp-json\/wp\/v2\/media\/1866"}],"wp:attachment":[{"href":"https:\/\/www.javeriana.edu.co\/repositorio-hoy-en-la-javeriana\/wp-json\/wp\/v2\/media?parent=2904"}],"wp:term":[{"taxonomy":"category","embeddable":true,"href":"https:\/\/www.javeriana.edu.co\/repositorio-hoy-en-la-javeriana\/wp-json\/wp\/v2\/categories?post=2904"},{"taxonomy":"post_tag","embeddable":true,"href":"https:\/\/www.javeriana.edu.co\/repositorio-hoy-en-la-javeriana\/wp-json\/wp\/v2\/tags?post=2904"}],"curies":[{"name":"wp","href":"https:\/\/api.w.org\/{rel}","templated":true}]}}