{"id":3091,"date":"1961-10-10T12:06:51","date_gmt":"1961-10-10T17:06:51","guid":{"rendered":"https:\/\/masifica.co\/hoyenlajaveriana\/?p=3091"},"modified":"2019-06-13T12:09:16","modified_gmt":"2019-06-13T17:09:16","slug":"la-universidad-invita-a-los-catolicos-de-habla-inglesa","status":"publish","type":"post","link":"https:\/\/www.javeriana.edu.co\/repositorio-hoy-en-la-javeriana\/la-universidad-invita-a-los-catolicos-de-habla-inglesa\/","title":{"rendered":"La Universidad invita a los cat\u00f3licos de habla inglesa"},"content":{"rendered":"<p>Atendiendo una invitaci\u00f3n, acudieron el domingo a medio d\u00eda m\u00e1s de cat\u00f3licos de las colonias norteamericana e inglesa, residentes en Bogot\u00e1. Fue esta una espl\u00e9ndida ocasi\u00f3n para que los cat\u00f3licos de habla inglesa conocieran la Universidad y para presentar a las dos Hermanas profesoras de ingl\u00e9s de tiempo completo. Despu\u00e9s de un coctel se sirvi\u00f3 un elegante buffet, muy bien preparado por las Hermanas de las Facultades Femeninas. Tomaron la palabra, en esta ocasi\u00f3n, los PP. Rector y Justen, para saludar a los concurrentes y presentarles la obra de la Universidad Javeriana, con sus grandes proyectos y dificultades. A continuaci\u00f3n se hizo un recorrido por algunas Facultades y el Instituto Geof\u00edsico de la Universidad. Rein\u00f3 una gran animaci\u00f3n y un gran deseo de vincularse a la Universidad.<\/p>\n","protected":false},"excerpt":{"rendered":"<p>Atendiendo una invitaci\u00f3n, acudieron el domingo a medio d\u00eda m\u00e1s de cat\u00f3licos de las colonias norteamericana e inglesa, residentes en Bogot\u00e1. Fue esta una espl\u00e9ndida ocasi\u00f3n para que los cat\u00f3licos de habla inglesa conocieran la Universidad y para presentar a las dos Hermanas profesoras de ingl\u00e9s de tiempo completo. Despu\u00e9s de un coctel se sirvi\u00f3 un elegante buffet, muy bien preparado por las Hermanas de las Facultades Femeninas. Tomaron la palabra, en esta ocasi\u00f3n, los PP. Rector y Justen, para saludar a los concurrentes y presentarles la obra de la Universidad Javeriana, con sus grandes proyectos y dificultades. A continuaci\u00f3n se hizo un recorrido por algunas Facultades y el Instituto Geof\u00edsico de la Universidad. Rein\u00f3 una gran animaci\u00f3n y un[&hellip;]<\/p>\n","protected":false},"author":1,"featured_media":1866,"comment_status":"closed","ping_status":"closed","sticky":false,"template":"","format":"standard","meta":{"footnotes":""},"categories":[105],"tags":[472,3807,164,2860,3808,3758,3810,3809,2530],"class_list":["post-3091","post","type-post","status-publish","format-standard","has-post-thumbnail","hentry","category-institucional","tag-bogota","tag-edicion-50","tag-facultades-femeninas","tag-instituto-geofisico","tag-la-universidad-invita-a-los-catolicos-de-habla-inglesa","tag-octubre-1961","tag-pp-justen","tag-pp-rector","tag-universidad-javeriana"],"acf":[],"_links":{"self":[{"href":"https:\/\/www.javeriana.edu.co\/repositorio-hoy-en-la-javeriana\/wp-json\/wp\/v2\/posts\/3091","targetHints":{"allow":["GET"]}}],"collection":[{"href":"https:\/\/www.javeriana.edu.co\/repositorio-hoy-en-la-javeriana\/wp-json\/wp\/v2\/posts"}],"about":[{"href":"https:\/\/www.javeriana.edu.co\/repositorio-hoy-en-la-javeriana\/wp-json\/wp\/v2\/types\/post"}],"author":[{"embeddable":true,"href":"https:\/\/www.javeriana.edu.co\/repositorio-hoy-en-la-javeriana\/wp-json\/wp\/v2\/users\/1"}],"replies":[{"embeddable":true,"href":"https:\/\/www.javeriana.edu.co\/repositorio-hoy-en-la-javeriana\/wp-json\/wp\/v2\/comments?post=3091"}],"version-history":[{"count":0,"href":"https:\/\/www.javeriana.edu.co\/repositorio-hoy-en-la-javeriana\/wp-json\/wp\/v2\/posts\/3091\/revisions"}],"wp:featuredmedia":[{"embeddable":true,"href":"https:\/\/www.javeriana.edu.co\/repositorio-hoy-en-la-javeriana\/wp-json\/wp\/v2\/media\/1866"}],"wp:attachment":[{"href":"https:\/\/www.javeriana.edu.co\/repositorio-hoy-en-la-javeriana\/wp-json\/wp\/v2\/media?parent=3091"}],"wp:term":[{"taxonomy":"category","embeddable":true,"href":"https:\/\/www.javeriana.edu.co\/repositorio-hoy-en-la-javeriana\/wp-json\/wp\/v2\/categories?post=3091"},{"taxonomy":"post_tag","embeddable":true,"href":"https:\/\/www.javeriana.edu.co\/repositorio-hoy-en-la-javeriana\/wp-json\/wp\/v2\/tags?post=3091"}],"curies":[{"name":"wp","href":"https:\/\/api.w.org\/{rel}","templated":true}]}}