{"id":3118,"date":"1961-10-17T15:27:46","date_gmt":"1961-10-17T20:27:46","guid":{"rendered":"https:\/\/masifica.co\/hoyenlajaveriana\/?p=3118"},"modified":"2019-06-13T15:33:48","modified_gmt":"2019-06-13T20:33:48","slug":"se-graduaron-7","status":"publish","type":"post","link":"https:\/\/www.javeriana.edu.co\/repositorio-hoy-en-la-javeriana\/se-graduaron-7\/","title":{"rendered":"Se graduaron"},"content":{"rendered":"<p>DERECHO: Hugo Isaza Mej\u00eda, septiembre 19; Hernando Lafaurie Pe\u00f1aranda y Jes\u00fas Alberto Sarria Mondrag\u00f3n, septiembre 26; Leopoldo Marcenaro Guti\u00e9rrez, octubre 2; Milcrades Zuluaga Herrera, octubre 9; Hernando Lafaurie Pe\u00f1aranda (Econom\u00eda), octubre 11; Antonio Abello Roca &#8211; (Econom\u00eda), octubre 11; Gemma Garzonnieto Combariza, octubre 16. MEDICINA: Jaime Ernesto Chamorro Salas, septiembre 22; Germ\u00e1n Nader D\u00edaz, septiembre 27; Ciro Alberto Monta\u00f1ez, octubre 2; Herdert Wagner C\u00e1rdenas, octubre 6. FILOSOFIA Y LETRAS: R.P. Mart\u00edn Barraza, octubre 10, ODONTOLOGIA: Mario Barbosa P., septiembre 22; In\u00e9s Fandif\u00edo de Ar\u00e9valo, septiembre 29; Lilia Nieto Fl\u00f3rez, octubre 13. INGENIERIA: Guido Marti y Mario Orjuela, septiembre 16; Daniel Wilches, octubre 5; Hernando Roa y Alberto Angel Villegas, octubre 6; Eduardo Lla\u00f1a Lla\u00f1a, octubre 16. ARQUITECTURA: Jorge Aguirre, septiembre 14. ARTE Y DECORACION: Melba In\u00e9s Rodr\u00edguez Santamar\u00eda, septiembre 15; Blanca Syria Castro Restrepo y Myriam Torres Calero, septiembre 30; Nelly Virgitez Anzola, octubre 11. BACTERIOLOGIA: Gladys Cruz Nieto, septiembre 25; Aura Cerra D\u00edaz, septiembre 29; Margarita Cabal Dom\u00ednguez, octubre 13.<\/p>\n<p>&nbsp;<\/p>\n","protected":false},"excerpt":{"rendered":"<p>DERECHO: Hugo Isaza Mej\u00eda, septiembre 19; Hernando Lafaurie Pe\u00f1aranda y Jes\u00fas Alberto Sarria Mondrag\u00f3n, septiembre 26; Leopoldo Marcenaro Guti\u00e9rrez, octubre 2; Milcrades Zuluaga Herrera, octubre 9; Hernando Lafaurie Pe\u00f1aranda (Econom\u00eda), octubre 11; Antonio Abello Roca &#8211; (Econom\u00eda), octubre 11; Gemma Garzonnieto Combariza, octubre 16. MEDICINA: Jaime Ernesto Chamorro Salas, septiembre 22; Germ\u00e1n Nader D\u00edaz, septiembre 27; Ciro Alberto Monta\u00f1ez, octubre 2; Herdert Wagner C\u00e1rdenas, octubre 6. FILOSOFIA Y LETRAS: R.P. Mart\u00edn Barraza, octubre 10, ODONTOLOGIA: Mario Barbosa P., septiembre 22; In\u00e9s Fandif\u00edo de Ar\u00e9valo, septiembre 29; Lilia Nieto Fl\u00f3rez, octubre 13. INGENIERIA: Guido Marti y Mario Orjuela, septiembre 16; Daniel Wilches, octubre 5; Hernando Roa y Alberto Angel Villegas, octubre 6; Eduardo Lla\u00f1a Lla\u00f1a, octubre 16. ARQUITECTURA: Jorge Aguirre, septiembre[&hellip;]<\/p>\n","protected":false},"author":1,"featured_media":1866,"comment_status":"closed","ping_status":"closed","sticky":false,"template":"","format":"standard","meta":{"footnotes":""},"categories":[105],"tags":[3898,2788,116,77,3906,76,3902,3889,3897,126,3869,3899,69,3886,3888,3905,3895,3890,3882,2263,3881,3893,73,3887,3883,3900,3884,3894,3907,3892,3896,72,3901,3885,3903,3904,3758,115,3891,2786,2530],"class_list":["post-3118","post","type-post","status-publish","format-standard","has-post-thumbnail","hentry","category-institucional","tag-alberto-angel-villegas","tag-antonio-abello-roca","tag-arquitectura","tag-arte-y-decoracion","tag-aura-cerra-diaz","tag-bacteriologia","tag-blanca-syria-castro-restrepo","tag-ciro-alberto-montanez","tag-daniel-wilches","tag-derecho","tag-edicion-52","tag-eduardo-llana-llana","tag-filosofia-y-letras","tag-gemma-garzonnieto-combariza","tag-german-nader-diaz","tag-gladys-cruz-nieto","tag-guido-marti","tag-herdert-wagner-cardenas","tag-hernando-lafaurie-penaranda","tag-hernando-roa","tag-hugo-isaza-mejia","tag-ines-fandifio-de-arevalo","tag-ingenieria","tag-jaime-ernesto-chamorro-salas","tag-jesus-alberto-sarria-mondragon","tag-jorge-aguirre","tag-leopoldo-marcenaro-gutierrez","tag-lilia-nieto-florez","tag-margarita-cabal-dominguez","tag-mario-barbosa-p","tag-mario-orjuela","tag-medicina","tag-melba-ines-rodriguez-santamaria","tag-milcrades-zuluaga-herrera","tag-myriam-torres-calero","tag-nelly-virgitez-anzola","tag-octubre-1961","tag-odontologia","tag-r-p-martin-barraza","tag-se-graduaron","tag-universidad-javeriana"],"acf":[],"_links":{"self":[{"href":"https:\/\/www.javeriana.edu.co\/repositorio-hoy-en-la-javeriana\/wp-json\/wp\/v2\/posts\/3118","targetHints":{"allow":["GET"]}}],"collection":[{"href":"https:\/\/www.javeriana.edu.co\/repositorio-hoy-en-la-javeriana\/wp-json\/wp\/v2\/posts"}],"about":[{"href":"https:\/\/www.javeriana.edu.co\/repositorio-hoy-en-la-javeriana\/wp-json\/wp\/v2\/types\/post"}],"author":[{"embeddable":true,"href":"https:\/\/www.javeriana.edu.co\/repositorio-hoy-en-la-javeriana\/wp-json\/wp\/v2\/users\/1"}],"replies":[{"embeddable":true,"href":"https:\/\/www.javeriana.edu.co\/repositorio-hoy-en-la-javeriana\/wp-json\/wp\/v2\/comments?post=3118"}],"version-history":[{"count":0,"href":"https:\/\/www.javeriana.edu.co\/repositorio-hoy-en-la-javeriana\/wp-json\/wp\/v2\/posts\/3118\/revisions"}],"wp:featuredmedia":[{"embeddable":true,"href":"https:\/\/www.javeriana.edu.co\/repositorio-hoy-en-la-javeriana\/wp-json\/wp\/v2\/media\/1866"}],"wp:attachment":[{"href":"https:\/\/www.javeriana.edu.co\/repositorio-hoy-en-la-javeriana\/wp-json\/wp\/v2\/media?parent=3118"}],"wp:term":[{"taxonomy":"category","embeddable":true,"href":"https:\/\/www.javeriana.edu.co\/repositorio-hoy-en-la-javeriana\/wp-json\/wp\/v2\/categories?post=3118"},{"taxonomy":"post_tag","embeddable":true,"href":"https:\/\/www.javeriana.edu.co\/repositorio-hoy-en-la-javeriana\/wp-json\/wp\/v2\/tags?post=3118"}],"curies":[{"name":"wp","href":"https:\/\/api.w.org\/{rel}","templated":true}]}}