{"id":3129,"date":"1961-10-20T15:49:50","date_gmt":"1961-10-20T20:49:50","guid":{"rendered":"https:\/\/masifica.co\/hoyenlajaveriana\/?p=3129"},"modified":"2019-06-13T15:52:16","modified_gmt":"2019-06-13T20:52:16","slug":"la-universidad-javeriana-en-el-icetex","status":"publish","type":"post","link":"https:\/\/www.javeriana.edu.co\/repositorio-hoy-en-la-javeriana\/la-universidad-javeriana-en-el-icetex\/","title":{"rendered":"La Universidad Javeriana en el ICETEX"},"content":{"rendered":"<p>Por acuerdo un\u00e1nime del Consejo Nacional de Rectores, reunido recientemente en Bogot\u00e1, fueron escogidas la Pontificia Universidad Javeriana y la Universidad La Gran Colombia, para llevar la representaci\u00f3n de las Universidades privadas de Colombia en la Junta Directiva del Instituto Colombiano de Especializaci\u00f3n T\u00e9cnica en el Exterior ICETEX, como principal y suplente, respectivamente. Reemplazan en esta posici\u00f3n a la Fundaci\u00f3n Universidad de Am\u00e9rica y a la Universidad Jorge Tadeo Lozano.<\/p>\n","protected":false},"excerpt":{"rendered":"<p>Por acuerdo un\u00e1nime del Consejo Nacional de Rectores, reunido recientemente en Bogot\u00e1, fueron escogidas la Pontificia Universidad Javeriana y la Universidad La Gran Colombia, para llevar la representaci\u00f3n de las Universidades privadas de Colombia en la Junta Directiva del Instituto Colombiano de Especializaci\u00f3n T\u00e9cnica en el Exterior ICETEX, como principal y suplente, respectivamente. Reemplazan en esta posici\u00f3n a la Fundaci\u00f3n Universidad de Am\u00e9rica y a la Universidad Jorge Tadeo Lozano.<\/p>\n","protected":false},"author":1,"featured_media":1866,"comment_status":"closed","ping_status":"closed","sticky":false,"template":"","format":"standard","meta":{"footnotes":""},"categories":[39],"tags":[472,3939,3908,3940,2541,3319,3938,3758,2639,2530,3941,3014,3921],"class_list":["post-3129","post","type-post","status-publish","format-standard","has-post-thumbnail","hentry","category-academia","tag-bogota","tag-consejo-nacional-de-rectores","tag-edicion-53","tag-fundacion-universidad-de-america","tag-icetex","tag-instituto-colombiano-de-especializacion-tecnica-en-el-exterior","tag-la-universidad-javeriana-en-el-icetex","tag-octubre-1961","tag-pontificia-universidad-javeriana","tag-universidad-javeriana","tag-universidad-jorge-tadeo-lozano","tag-universidad-la-gran-colombia","tag-weston"],"acf":[],"_links":{"self":[{"href":"https:\/\/www.javeriana.edu.co\/repositorio-hoy-en-la-javeriana\/wp-json\/wp\/v2\/posts\/3129","targetHints":{"allow":["GET"]}}],"collection":[{"href":"https:\/\/www.javeriana.edu.co\/repositorio-hoy-en-la-javeriana\/wp-json\/wp\/v2\/posts"}],"about":[{"href":"https:\/\/www.javeriana.edu.co\/repositorio-hoy-en-la-javeriana\/wp-json\/wp\/v2\/types\/post"}],"author":[{"embeddable":true,"href":"https:\/\/www.javeriana.edu.co\/repositorio-hoy-en-la-javeriana\/wp-json\/wp\/v2\/users\/1"}],"replies":[{"embeddable":true,"href":"https:\/\/www.javeriana.edu.co\/repositorio-hoy-en-la-javeriana\/wp-json\/wp\/v2\/comments?post=3129"}],"version-history":[{"count":0,"href":"https:\/\/www.javeriana.edu.co\/repositorio-hoy-en-la-javeriana\/wp-json\/wp\/v2\/posts\/3129\/revisions"}],"wp:featuredmedia":[{"embeddable":true,"href":"https:\/\/www.javeriana.edu.co\/repositorio-hoy-en-la-javeriana\/wp-json\/wp\/v2\/media\/1866"}],"wp:attachment":[{"href":"https:\/\/www.javeriana.edu.co\/repositorio-hoy-en-la-javeriana\/wp-json\/wp\/v2\/media?parent=3129"}],"wp:term":[{"taxonomy":"category","embeddable":true,"href":"https:\/\/www.javeriana.edu.co\/repositorio-hoy-en-la-javeriana\/wp-json\/wp\/v2\/categories?post=3129"},{"taxonomy":"post_tag","embeddable":true,"href":"https:\/\/www.javeriana.edu.co\/repositorio-hoy-en-la-javeriana\/wp-json\/wp\/v2\/tags?post=3129"}],"curies":[{"name":"wp","href":"https:\/\/api.w.org\/{rel}","templated":true}]}}