{"id":3169,"date":"1961-11-03T11:00:46","date_gmt":"1961-11-03T16:00:46","guid":{"rendered":"https:\/\/masifica.co\/hoyenlajaveriana\/?p=3169"},"modified":"2019-06-14T11:02:55","modified_gmt":"2019-06-14T16:02:55","slug":"nuevos-vice-gran-canciller-de-la-universidad-vice-provincial-de-la-compania-de-jesus-y-rector-de-las-facultades-eclesiasticas","status":"publish","type":"post","link":"https:\/\/www.javeriana.edu.co\/repositorio-hoy-en-la-javeriana\/nuevos-vice-gran-canciller-de-la-universidad-vice-provincial-de-la-compania-de-jesus-y-rector-de-las-facultades-eclesiasticas\/","title":{"rendered":"Nuevos Vice-Gran Canciller de la Universidad, Vice-Provincial de la Compa\u00f1\u00eda de Jes\u00fas, y Rector de las Facultades Eclesi\u00e1sticas"},"content":{"rendered":"<p>Los RR.PP. Eduardo Brice\u00f1o Pardo, S.J., Eduardo Ram\u00edrez, S.J., y Guillermo Gonz\u00e1lez Quintana, S.J., han sido designados para ocupar las elevadas posiciones de Provincial de la Compa\u00f1\u00eda de Jes\u00fas en Colombia, Vice-Provincial de la misma, y Rector te las Facultades Eclesi\u00e1sticas, respectivamente, a partir del 1\u00b0 del mes en curso. El R.P. Eduardo Brice\u00f1o Pardo ven\u00eda ocupando el cargo de Vice-Provincial, en el que lo reemplaza ahora el R.P. Eduardo Ram\u00edrez. El nuevo Vice-Provincial ocupaba la Rector\u00eda de las Facultades Eclesi\u00e1sticas de la Universidad, posici\u00f3n a la que llega ahora el R.P. Gonz\u00e1lez Quintana. El R.P. Brice\u00f1o Pardo, como Provincial de la Compa\u00f1\u00eda de Jes\u00fas, es Vice-Gran Canciller de la Universidad. \u00abHoy en la Javeriana\u00bb saluda a los nuevos dignatarios de la Compa\u00f1\u00eda y de la Universidad y les ofrece todo su concurso, para el mejor \u00e9xito en las actividades que inician.<\/p>\n","protected":false},"excerpt":{"rendered":"<p>Los RR.PP. Eduardo Brice\u00f1o Pardo, S.J., Eduardo Ram\u00edrez, S.J., y Guillermo Gonz\u00e1lez Quintana, S.J., han sido designados para ocupar las elevadas posiciones de Provincial de la Compa\u00f1\u00eda de Jes\u00fas en Colombia, Vice-Provincial de la misma, y Rector te las Facultades Eclesi\u00e1sticas, respectivamente, a partir del 1\u00b0 del mes en curso. El R.P. Eduardo Brice\u00f1o Pardo ven\u00eda ocupando el cargo de Vice-Provincial, en el que lo reemplaza ahora el R.P. Eduardo Ram\u00edrez. El nuevo Vice-Provincial ocupaba la Rector\u00eda de las Facultades Eclesi\u00e1sticas de la Universidad, posici\u00f3n a la que llega ahora el R.P. Gonz\u00e1lez Quintana. El R.P. Brice\u00f1o Pardo, como Provincial de la Compa\u00f1\u00eda de Jes\u00fas, es Vice-Gran Canciller de la Universidad. \u00abHoy en la Javeriana\u00bb saluda a los nuevos dignatarios[&hellip;]<\/p>\n","protected":false},"author":1,"featured_media":1866,"comment_status":"closed","ping_status":"closed","sticky":false,"template":"","format":"standard","meta":{"footnotes":""},"categories":[105],"tags":[268,4008,4017,4018,2750,4019,3001,3381,4009,4014,4020,4015,4016],"class_list":["post-3169","post","type-post","status-publish","format-standard","has-post-thumbnail","hentry","category-institucional","tag-compania-de-jesus","tag-edicion-56","tag-eduardo-briceno-pardo","tag-eduardo-ramirez","tag-facultades-eclesiasticas","tag-gonzalez-quintana","tag-guillermo-gonzalez-quintana","tag-hoy-en-la-javeriana","tag-noviembre-1961","tag-nuevos-vice-gran-canciller-de-la-universidad","tag-r-p-briceno-pardo","tag-vice-provincial-de-la-compania-de-jesus","tag-y-rector-de-las-facultades-eclesiasticas"],"acf":[],"_links":{"self":[{"href":"https:\/\/www.javeriana.edu.co\/repositorio-hoy-en-la-javeriana\/wp-json\/wp\/v2\/posts\/3169","targetHints":{"allow":["GET"]}}],"collection":[{"href":"https:\/\/www.javeriana.edu.co\/repositorio-hoy-en-la-javeriana\/wp-json\/wp\/v2\/posts"}],"about":[{"href":"https:\/\/www.javeriana.edu.co\/repositorio-hoy-en-la-javeriana\/wp-json\/wp\/v2\/types\/post"}],"author":[{"embeddable":true,"href":"https:\/\/www.javeriana.edu.co\/repositorio-hoy-en-la-javeriana\/wp-json\/wp\/v2\/users\/1"}],"replies":[{"embeddable":true,"href":"https:\/\/www.javeriana.edu.co\/repositorio-hoy-en-la-javeriana\/wp-json\/wp\/v2\/comments?post=3169"}],"version-history":[{"count":0,"href":"https:\/\/www.javeriana.edu.co\/repositorio-hoy-en-la-javeriana\/wp-json\/wp\/v2\/posts\/3169\/revisions"}],"wp:featuredmedia":[{"embeddable":true,"href":"https:\/\/www.javeriana.edu.co\/repositorio-hoy-en-la-javeriana\/wp-json\/wp\/v2\/media\/1866"}],"wp:attachment":[{"href":"https:\/\/www.javeriana.edu.co\/repositorio-hoy-en-la-javeriana\/wp-json\/wp\/v2\/media?parent=3169"}],"wp:term":[{"taxonomy":"category","embeddable":true,"href":"https:\/\/www.javeriana.edu.co\/repositorio-hoy-en-la-javeriana\/wp-json\/wp\/v2\/categories?post=3169"},{"taxonomy":"post_tag","embeddable":true,"href":"https:\/\/www.javeriana.edu.co\/repositorio-hoy-en-la-javeriana\/wp-json\/wp\/v2\/tags?post=3169"}],"curies":[{"name":"wp","href":"https:\/\/api.w.org\/{rel}","templated":true}]}}