{"id":3183,"date":"1961-11-07T13:53:26","date_gmt":"1961-11-07T18:53:26","guid":{"rendered":"https:\/\/masifica.co\/hoyenlajaveriana\/?p=3183"},"modified":"2019-06-14T13:56:16","modified_gmt":"2019-06-14T18:56:16","slug":"beca-en-los-estados-unidos-para-el-director-de-capacitacion-laboral","status":"publish","type":"post","link":"https:\/\/www.javeriana.edu.co\/repositorio-hoy-en-la-javeriana\/beca-en-los-estados-unidos-para-el-director-de-capacitacion-laboral\/","title":{"rendered":"Beca en los Estados Unidos para el Director de Capacitaci\u00f3n Laboral"},"content":{"rendered":"<p>El Sr. Luis Enrique Pinilla C., alumno de \u00faltimo a\u00f1o de la Facultad de Ingenier\u00eda Civil y Director del Instituto de Capacitaci\u00f3n Laboral, ha sido favorecido con una beca del Programa de Visitantes de Investigaci\u00f3n Cient\u00edfica, otorgada por la Academia Nacional de Ciencias y el Consejo Nacional de Investigaci\u00f3n de los Estados Unidos, con sede en Washington. El ofrecimiento ha sido hecho por intermedio, el R.P. Rector de la Universidad, en su car\u00e1cter de Presidente de la Academia Colombiana de Ciencias Exactas F\u00edsico &#8211; Qu\u00edmicas y Naturales. \u00abHoy en la Javeriana\u00bb felicita al Sr. Pinilla y le desea muchos triunfos en los estudios que se propone adelantar.<\/p>\n","protected":false},"excerpt":{"rendered":"<p>El Sr. Luis Enrique Pinilla C., alumno de \u00faltimo a\u00f1o de la Facultad de Ingenier\u00eda Civil y Director del Instituto de Capacitaci\u00f3n Laboral, ha sido favorecido con una beca del Programa de Visitantes de Investigaci\u00f3n Cient\u00edfica, otorgada por la Academia Nacional de Ciencias y el Consejo Nacional de Investigaci\u00f3n de los Estados Unidos, con sede en Washington. El ofrecimiento ha sido hecho por intermedio, el R.P. Rector de la Universidad, en su car\u00e1cter de Presidente de la Academia Colombiana de Ciencias Exactas F\u00edsico &#8211; Qu\u00edmicas y Naturales. \u00abHoy en la Javeriana\u00bb felicita al Sr. Pinilla y le desea muchos triunfos en los estudios que se propone adelantar.<\/p>\n","protected":false},"author":1,"featured_media":1866,"comment_status":"closed","ping_status":"closed","sticky":false,"template":"","format":"standard","meta":{"footnotes":""},"categories":[39],"tags":[4071,2857,4066,4070,4035,4068,3381,2616,4067,4009,4069,181,3174],"class_list":["post-3183","post","type-post","status-publish","format-standard","has-post-thumbnail","hentry","category-academia","tag-academia-colombiana-de-ciencias-exactas-fisico-quimicas-y-naturales","tag-academia-nacional-de-ciencias","tag-beca-en-los-estados-unidos-para-el-director-de-capacitacion-laboral","tag-consejo-nacional-de-investigacion-de-los-estados-unidos","tag-edicion-57","tag-facultad-de-ingenieria-civil","tag-hoy-en-la-javeriana","tag-instituto-de-capacitacion-laboral","tag-luis-enrique-pinilla-c","tag-noviembre-1961","tag-programa-de-visitantes-de-investigacion-cientifica","tag-r-p-rector","tag-washington"],"acf":[],"_links":{"self":[{"href":"https:\/\/www.javeriana.edu.co\/repositorio-hoy-en-la-javeriana\/wp-json\/wp\/v2\/posts\/3183","targetHints":{"allow":["GET"]}}],"collection":[{"href":"https:\/\/www.javeriana.edu.co\/repositorio-hoy-en-la-javeriana\/wp-json\/wp\/v2\/posts"}],"about":[{"href":"https:\/\/www.javeriana.edu.co\/repositorio-hoy-en-la-javeriana\/wp-json\/wp\/v2\/types\/post"}],"author":[{"embeddable":true,"href":"https:\/\/www.javeriana.edu.co\/repositorio-hoy-en-la-javeriana\/wp-json\/wp\/v2\/users\/1"}],"replies":[{"embeddable":true,"href":"https:\/\/www.javeriana.edu.co\/repositorio-hoy-en-la-javeriana\/wp-json\/wp\/v2\/comments?post=3183"}],"version-history":[{"count":0,"href":"https:\/\/www.javeriana.edu.co\/repositorio-hoy-en-la-javeriana\/wp-json\/wp\/v2\/posts\/3183\/revisions"}],"wp:featuredmedia":[{"embeddable":true,"href":"https:\/\/www.javeriana.edu.co\/repositorio-hoy-en-la-javeriana\/wp-json\/wp\/v2\/media\/1866"}],"wp:attachment":[{"href":"https:\/\/www.javeriana.edu.co\/repositorio-hoy-en-la-javeriana\/wp-json\/wp\/v2\/media?parent=3183"}],"wp:term":[{"taxonomy":"category","embeddable":true,"href":"https:\/\/www.javeriana.edu.co\/repositorio-hoy-en-la-javeriana\/wp-json\/wp\/v2\/categories?post=3183"},{"taxonomy":"post_tag","embeddable":true,"href":"https:\/\/www.javeriana.edu.co\/repositorio-hoy-en-la-javeriana\/wp-json\/wp\/v2\/tags?post=3183"}],"curies":[{"name":"wp","href":"https:\/\/api.w.org\/{rel}","templated":true}]}}