{"id":3202,"date":"1961-11-10T14:21:34","date_gmt":"1961-11-10T19:21:34","guid":{"rendered":"https:\/\/masifica.co\/hoyenlajaveriana\/?p=3202"},"modified":"2019-06-14T14:25:14","modified_gmt":"2019-06-14T19:25:14","slug":"comida-en-honor-de-los-profesores-de-la-facultad-de-ingenieria","status":"publish","type":"post","link":"https:\/\/www.javeriana.edu.co\/repositorio-hoy-en-la-javeriana\/comida-en-honor-de-los-profesores-de-la-facultad-de-ingenieria\/","title":{"rendered":"Comida en honor de los profesores de la Facultad de Ingenier\u00eda"},"content":{"rendered":"<p>El viernes 3 de noviembre, en los salones del Club Militar, se sirvi\u00f3 una elegante comida, ofrecida por el Dr. Argelino Dur\u00e1n Quintero, Decano de Estudios de la Facultad de Ingenier\u00eda, a todos los profesores de la Facultad, con motivo de la finalizaci\u00f3n de labores del presente a\u00f1o acad\u00e9mico. Asistieron, adem\u00e1s, como invitados especiales el R.P. Rector de la Universidad y el R.P. Alberto Marulanda, S.J., Decano de Disciplina.<\/p>\n","protected":false},"excerpt":{"rendered":"<p>El viernes 3 de noviembre, en los salones del Club Militar, se sirvi\u00f3 una elegante comida, ofrecida por el Dr. Argelino Dur\u00e1n Quintero, Decano de Estudios de la Facultad de Ingenier\u00eda, a todos los profesores de la Facultad, con motivo de la finalizaci\u00f3n de labores del presente a\u00f1o acad\u00e9mico. Asistieron, adem\u00e1s, como invitados especiales el R.P. Rector de la Universidad y el R.P. Alberto Marulanda, S.J., Decano de Disciplina.<\/p>\n","protected":false},"author":1,"featured_media":1866,"comment_status":"closed","ping_status":"closed","sticky":false,"template":"","format":"standard","meta":{"footnotes":""},"categories":[105],"tags":[2398,4091,2952,4090,4092,4072,109,2872,4009],"class_list":["post-3202","post","type-post","status-publish","format-standard","has-post-thumbnail","hentry","category-institucional","tag-alberto-marulanda","tag-argelino-duran-quintero","tag-club-militar","tag-comida-en-honor-de-los-profesores-de-la-facultad-de-ingenieria","tag-decano-de-disciplina","tag-edicion-58","tag-facultad-de-ingenieria","tag-javeriana","tag-noviembre-1961"],"acf":[],"_links":{"self":[{"href":"https:\/\/www.javeriana.edu.co\/repositorio-hoy-en-la-javeriana\/wp-json\/wp\/v2\/posts\/3202","targetHints":{"allow":["GET"]}}],"collection":[{"href":"https:\/\/www.javeriana.edu.co\/repositorio-hoy-en-la-javeriana\/wp-json\/wp\/v2\/posts"}],"about":[{"href":"https:\/\/www.javeriana.edu.co\/repositorio-hoy-en-la-javeriana\/wp-json\/wp\/v2\/types\/post"}],"author":[{"embeddable":true,"href":"https:\/\/www.javeriana.edu.co\/repositorio-hoy-en-la-javeriana\/wp-json\/wp\/v2\/users\/1"}],"replies":[{"embeddable":true,"href":"https:\/\/www.javeriana.edu.co\/repositorio-hoy-en-la-javeriana\/wp-json\/wp\/v2\/comments?post=3202"}],"version-history":[{"count":0,"href":"https:\/\/www.javeriana.edu.co\/repositorio-hoy-en-la-javeriana\/wp-json\/wp\/v2\/posts\/3202\/revisions"}],"wp:featuredmedia":[{"embeddable":true,"href":"https:\/\/www.javeriana.edu.co\/repositorio-hoy-en-la-javeriana\/wp-json\/wp\/v2\/media\/1866"}],"wp:attachment":[{"href":"https:\/\/www.javeriana.edu.co\/repositorio-hoy-en-la-javeriana\/wp-json\/wp\/v2\/media?parent=3202"}],"wp:term":[{"taxonomy":"category","embeddable":true,"href":"https:\/\/www.javeriana.edu.co\/repositorio-hoy-en-la-javeriana\/wp-json\/wp\/v2\/categories?post=3202"},{"taxonomy":"post_tag","embeddable":true,"href":"https:\/\/www.javeriana.edu.co\/repositorio-hoy-en-la-javeriana\/wp-json\/wp\/v2\/tags?post=3202"}],"curies":[{"name":"wp","href":"https:\/\/api.w.org\/{rel}","templated":true}]}}