{"id":3235,"date":"1961-11-24T16:18:18","date_gmt":"1961-11-24T21:18:18","guid":{"rendered":"https:\/\/masifica.co\/hoyenlajaveriana\/?p=3235"},"modified":"2019-06-14T16:21:43","modified_gmt":"2019-06-14T21:21:43","slug":"invitacion-de-la-unesco-atendera-el-rector-en-chile","status":"publish","type":"post","link":"https:\/\/www.javeriana.edu.co\/repositorio-hoy-en-la-javeriana\/invitacion-de-la-unesco-atendera-el-rector-en-chile\/","title":{"rendered":"Invitaci\u00f3n de la Unesco atender\u00e1 el Rector en Chile"},"content":{"rendered":"<p>Pr\u00f3ximamente viajar\u00e1 a Santiago de Chile, especialmente invitado por la Unesco, el R.P. Rector de la Universidad. Asistir\u00e1 all\u00ed al Seminario de la Misi\u00f3n Sismol\u00f3gica que se reunir\u00e1 del 2 al 9 de diciembre venidero.<\/p>\n","protected":false},"excerpt":{"rendered":"<p>Pr\u00f3ximamente viajar\u00e1 a Santiago de Chile, especialmente invitado por la Unesco, el R.P. Rector de la Universidad. Asistir\u00e1 all\u00ed al Seminario de la Misi\u00f3n Sismol\u00f3gica que se reunir\u00e1 del 2 al 9 de diciembre venidero.<\/p>\n","protected":false},"author":1,"featured_media":1866,"comment_status":"closed","ping_status":"closed","sticky":false,"template":"","format":"standard","meta":{"footnotes":""},"categories":[105],"tags":[4146,4147,4009,181,4111,4148,225],"class_list":["post-3235","post","type-post","status-publish","format-standard","has-post-thumbnail","hentry","category-institucional","tag-edicion-61","tag-invitacion-de-la-unesco-atendera-el-rector-en-chile","tag-noviembre-1961","tag-r-p-rector","tag-santiago-de-chile","tag-seminario-de-la-mision-sismologica","tag-unesco"],"acf":[],"_links":{"self":[{"href":"https:\/\/www.javeriana.edu.co\/repositorio-hoy-en-la-javeriana\/wp-json\/wp\/v2\/posts\/3235","targetHints":{"allow":["GET"]}}],"collection":[{"href":"https:\/\/www.javeriana.edu.co\/repositorio-hoy-en-la-javeriana\/wp-json\/wp\/v2\/posts"}],"about":[{"href":"https:\/\/www.javeriana.edu.co\/repositorio-hoy-en-la-javeriana\/wp-json\/wp\/v2\/types\/post"}],"author":[{"embeddable":true,"href":"https:\/\/www.javeriana.edu.co\/repositorio-hoy-en-la-javeriana\/wp-json\/wp\/v2\/users\/1"}],"replies":[{"embeddable":true,"href":"https:\/\/www.javeriana.edu.co\/repositorio-hoy-en-la-javeriana\/wp-json\/wp\/v2\/comments?post=3235"}],"version-history":[{"count":0,"href":"https:\/\/www.javeriana.edu.co\/repositorio-hoy-en-la-javeriana\/wp-json\/wp\/v2\/posts\/3235\/revisions"}],"wp:featuredmedia":[{"embeddable":true,"href":"https:\/\/www.javeriana.edu.co\/repositorio-hoy-en-la-javeriana\/wp-json\/wp\/v2\/media\/1866"}],"wp:attachment":[{"href":"https:\/\/www.javeriana.edu.co\/repositorio-hoy-en-la-javeriana\/wp-json\/wp\/v2\/media?parent=3235"}],"wp:term":[{"taxonomy":"category","embeddable":true,"href":"https:\/\/www.javeriana.edu.co\/repositorio-hoy-en-la-javeriana\/wp-json\/wp\/v2\/categories?post=3235"},{"taxonomy":"post_tag","embeddable":true,"href":"https:\/\/www.javeriana.edu.co\/repositorio-hoy-en-la-javeriana\/wp-json\/wp\/v2\/tags?post=3235"}],"curies":[{"name":"wp","href":"https:\/\/api.w.org\/{rel}","templated":true}]}}