{"id":3317,"date":"1962-03-06T11:57:22","date_gmt":"1962-03-06T16:57:22","guid":{"rendered":"https:\/\/masifica.co\/hoyenlajaveriana\/?p=3317"},"modified":"2019-06-20T12:02:37","modified_gmt":"2019-06-20T17:02:37","slug":"distincion-a-un-decano","status":"publish","type":"post","link":"https:\/\/www.javeriana.edu.co\/repositorio-hoy-en-la-javeriana\/distincion-a-un-decano\/","title":{"rendered":"Distinci\u00f3n a un decano"},"content":{"rendered":"<p>El Dr. GUILLLERMO OSPINA FERNANDEZ, Decano de Estudios de la Facultad de Derecho de la Universidad, entrar\u00e1 a formar parte del Consejo Nacional de Justicia y Protecci\u00f3n Social. El Director General de la Asociaci\u00f3n Colombiana de Universidades escogi\u00f3 al Dr. Ospina, a solicitud del Se\u00f1or Ministro de Justicia.<\/p>\n<p>El Decano Javeriano tendr\u00e1, en asociaci\u00f3n de su colega de la Universidad Nacional, Dr. Orjuela Hidalgo, la representaci\u00f3n, ante el Consejo, de las Facultades de Derecho de las Universidades P\u00fablicas y Privadas del pa\u00eds.<\/p>\n","protected":false},"excerpt":{"rendered":"<p>El Dr. GUILLLERMO OSPINA FERNANDEZ, Decano de Estudios de la Facultad de Derecho de la Universidad, entrar\u00e1 a formar parte del Consejo Nacional de Justicia y Protecci\u00f3n Social. El Director General de la Asociaci\u00f3n Colombiana de Universidades escogi\u00f3 al Dr. Ospina, a solicitud del Se\u00f1or Ministro de Justicia. El Decano Javeriano tendr\u00e1, en asociaci\u00f3n de su colega de la Universidad Nacional, Dr. Orjuela Hidalgo, la representaci\u00f3n, ante el Consejo, de las Facultades de Derecho de las Universidades P\u00fablicas y Privadas del pa\u00eds.<\/p>\n","protected":false},"author":1,"featured_media":1866,"comment_status":"closed","ping_status":"closed","sticky":false,"template":"","format":"standard","meta":{"footnotes":""},"categories":[105],"tags":[2833,4230,4228,4220,141,4229,4211,4231,2933,4232],"class_list":["post-3317","post","type-post","status-publish","format-standard","has-post-thumbnail","hentry","category-institucional","tag-asociacion-colombiana-de-universidades","tag-consejo-nacional-de-justicia-y-proteccion-social","tag-distincion-a-un-decano","tag-edicion-67","tag-facultad-de-derecho","tag-guilllermo-ospina-fernandez","tag-marzo-1962","tag-orjuela-hidalgo","tag-universidad-nacional","tag-universidades-publicas-y-privadas-del-pais"],"acf":[],"_links":{"self":[{"href":"https:\/\/www.javeriana.edu.co\/repositorio-hoy-en-la-javeriana\/wp-json\/wp\/v2\/posts\/3317","targetHints":{"allow":["GET"]}}],"collection":[{"href":"https:\/\/www.javeriana.edu.co\/repositorio-hoy-en-la-javeriana\/wp-json\/wp\/v2\/posts"}],"about":[{"href":"https:\/\/www.javeriana.edu.co\/repositorio-hoy-en-la-javeriana\/wp-json\/wp\/v2\/types\/post"}],"author":[{"embeddable":true,"href":"https:\/\/www.javeriana.edu.co\/repositorio-hoy-en-la-javeriana\/wp-json\/wp\/v2\/users\/1"}],"replies":[{"embeddable":true,"href":"https:\/\/www.javeriana.edu.co\/repositorio-hoy-en-la-javeriana\/wp-json\/wp\/v2\/comments?post=3317"}],"version-history":[{"count":0,"href":"https:\/\/www.javeriana.edu.co\/repositorio-hoy-en-la-javeriana\/wp-json\/wp\/v2\/posts\/3317\/revisions"}],"wp:featuredmedia":[{"embeddable":true,"href":"https:\/\/www.javeriana.edu.co\/repositorio-hoy-en-la-javeriana\/wp-json\/wp\/v2\/media\/1866"}],"wp:attachment":[{"href":"https:\/\/www.javeriana.edu.co\/repositorio-hoy-en-la-javeriana\/wp-json\/wp\/v2\/media?parent=3317"}],"wp:term":[{"taxonomy":"category","embeddable":true,"href":"https:\/\/www.javeriana.edu.co\/repositorio-hoy-en-la-javeriana\/wp-json\/wp\/v2\/categories?post=3317"},{"taxonomy":"post_tag","embeddable":true,"href":"https:\/\/www.javeriana.edu.co\/repositorio-hoy-en-la-javeriana\/wp-json\/wp\/v2\/tags?post=3317"}],"curies":[{"name":"wp","href":"https:\/\/api.w.org\/{rel}","templated":true}]}}