{"id":3365,"date":"1962-03-27T08:04:33","date_gmt":"1962-03-27T13:04:33","guid":{"rendered":"https:\/\/masifica.co\/hoyenlajaveriana\/?p=3365"},"modified":"2019-07-02T08:10:20","modified_gmt":"2019-07-02T13:10:20","slug":"senado-de-la-universidad","status":"publish","type":"post","link":"https:\/\/www.javeriana.edu.co\/repositorio-hoy-en-la-javeriana\/senado-de-la-universidad\/","title":{"rendered":"Senado de la Universidad"},"content":{"rendered":"<p>Con asistencia del R.P. Eduardo Brice\u00f1o Pardo, S.J., Provincial de la Compa\u00f1\u00eda de Jes\u00fas y Vice-Gran Canciller de la Universidad, del Rector Magn\u00edfico, de los Vice-Rectores, de los Decanos y Directores de las distintas Unidades Docentes, de los Padres Espirituales, y de otros funcionarios, se re\u00fane hoy, a partir de las 6 de la tarde, en la Sala Rectoral, el Senado de la Universidad. Como invitados de honor estar\u00e1n presente el Emmo. Sr. Cardenal Luis Concha C\u00f3rdoba, Patrono de la Universidad y el Dr. Jaime Posada, Ministro de Educaci\u00f3n Nacional. Durante la solemne Asamblea se conocer\u00e1n los informes de labores que rinden los Decanos y Directores al Vice-Gran Canciller. Finalizado el Acto con las palabras de respuesta del P. Brice\u00f1o Pardo, S.J., el R.P. Rector ofrece una recepci\u00f3n a los asistentes.<\/p>\n","protected":false},"excerpt":{"rendered":"<p>Con asistencia del R.P. Eduardo Brice\u00f1o Pardo, S.J., Provincial de la Compa\u00f1\u00eda de Jes\u00fas y Vice-Gran Canciller de la Universidad, del Rector Magn\u00edfico, de los Vice-Rectores, de los Decanos y Directores de las distintas Unidades Docentes, de los Padres Espirituales, y de otros funcionarios, se re\u00fane hoy, a partir de las 6 de la tarde, en la Sala Rectoral, el Senado de la Universidad. Como invitados de honor estar\u00e1n presente el Emmo. Sr. Cardenal Luis Concha C\u00f3rdoba, Patrono de la Universidad y el Dr. Jaime Posada, Ministro de Educaci\u00f3n Nacional. Durante la solemne Asamblea se conocer\u00e1n los informes de labores que rinden los Decanos y Directores al Vice-Gran Canciller. Finalizado el Acto con las palabras de respuesta del P. Brice\u00f1o[&hellip;]<\/p>\n","protected":false},"author":1,"featured_media":1866,"comment_status":"closed","ping_status":"closed","sticky":false,"template":"","format":"standard","meta":{"footnotes":""},"categories":[105],"tags":[268,4298,4017,3970,3000,4211,4301,4300,4299],"class_list":["post-3365","post","type-post","status-publish","format-standard","has-post-thumbnail","hentry","category-institucional","tag-compania-de-jesus","tag-edicion-72","tag-eduardo-briceno-pardo","tag-jaime-posada","tag-luis-concha-cordoba","tag-marzo-1962","tag-ministro-de-educacion-nacional","tag-rector-magnifico","tag-senado-de-la-universidad"],"acf":[],"_links":{"self":[{"href":"https:\/\/www.javeriana.edu.co\/repositorio-hoy-en-la-javeriana\/wp-json\/wp\/v2\/posts\/3365","targetHints":{"allow":["GET"]}}],"collection":[{"href":"https:\/\/www.javeriana.edu.co\/repositorio-hoy-en-la-javeriana\/wp-json\/wp\/v2\/posts"}],"about":[{"href":"https:\/\/www.javeriana.edu.co\/repositorio-hoy-en-la-javeriana\/wp-json\/wp\/v2\/types\/post"}],"author":[{"embeddable":true,"href":"https:\/\/www.javeriana.edu.co\/repositorio-hoy-en-la-javeriana\/wp-json\/wp\/v2\/users\/1"}],"replies":[{"embeddable":true,"href":"https:\/\/www.javeriana.edu.co\/repositorio-hoy-en-la-javeriana\/wp-json\/wp\/v2\/comments?post=3365"}],"version-history":[{"count":0,"href":"https:\/\/www.javeriana.edu.co\/repositorio-hoy-en-la-javeriana\/wp-json\/wp\/v2\/posts\/3365\/revisions"}],"wp:featuredmedia":[{"embeddable":true,"href":"https:\/\/www.javeriana.edu.co\/repositorio-hoy-en-la-javeriana\/wp-json\/wp\/v2\/media\/1866"}],"wp:attachment":[{"href":"https:\/\/www.javeriana.edu.co\/repositorio-hoy-en-la-javeriana\/wp-json\/wp\/v2\/media?parent=3365"}],"wp:term":[{"taxonomy":"category","embeddable":true,"href":"https:\/\/www.javeriana.edu.co\/repositorio-hoy-en-la-javeriana\/wp-json\/wp\/v2\/categories?post=3365"},{"taxonomy":"post_tag","embeddable":true,"href":"https:\/\/www.javeriana.edu.co\/repositorio-hoy-en-la-javeriana\/wp-json\/wp\/v2\/tags?post=3365"}],"curies":[{"name":"wp","href":"https:\/\/api.w.org\/{rel}","templated":true}]}}