{"id":3463,"date":"1962-05-04T11:35:47","date_gmt":"1962-05-04T16:35:47","guid":{"rendered":"https:\/\/masifica.co\/hoyenlajaveriana\/?p=3463"},"modified":"2019-07-02T11:40:52","modified_gmt":"2019-07-02T16:40:52","slug":"doctor-jesus-maria-yepes","status":"publish","type":"post","link":"https:\/\/www.javeriana.edu.co\/repositorio-hoy-en-la-javeriana\/doctor-jesus-maria-yepes\/","title":{"rendered":"Doctor Jes\u00fas Mar\u00eda Yepes"},"content":{"rendered":"<p>Sensible p\u00e9rdida para la sociedad y para la ciencia jur\u00eddica es el deceso del ilustre profesor Dr. JES\u00daS MAR\u00cdA YEPES, Var\u00f3n eximio, internacionalista de renombre mundial, desempe\u00f1\u00f3 durante quince a\u00f1os la c\u00e1tedra de Derecho Internacional P\u00fablico en la Facultad de Ciencias Econ\u00f3micas y Jur\u00eddicas de esta Universidad alternando con importantes universidades de Europa. Destacado publicista del Derecho, honesto hombre p\u00fablico represent\u00f3 al pa\u00eds en muchas ocasiones cr\u00edticas. \u201cHOY EN LA JAVERIANA\u201d hace llegar a sus familiares y amigos su m\u00e1s sentida voz de pesar por tan lamentable insuceso.<\/p>\n","protected":false},"excerpt":{"rendered":"<p>Sensible p\u00e9rdida para la sociedad y para la ciencia jur\u00eddica es el deceso del ilustre profesor Dr. JES\u00daS MAR\u00cdA YEPES, Var\u00f3n eximio, internacionalista de renombre mundial, desempe\u00f1\u00f3 durante quince a\u00f1os la c\u00e1tedra de Derecho Internacional P\u00fablico en la Facultad de Ciencias Econ\u00f3micas y Jur\u00eddicas de esta Universidad alternando con importantes universidades de Europa. Destacado publicista del Derecho, honesto hombre p\u00fablico represent\u00f3 al pa\u00eds en muchas ocasiones cr\u00edticas. \u201cHOY EN LA JAVERIANA\u201d hace llegar a sus familiares y amigos su m\u00e1s sentida voz de pesar por tan lamentable insuceso.<\/p>\n","protected":false},"author":1,"featured_media":1866,"comment_status":"closed","ping_status":"closed","sticky":false,"template":"","format":"standard","meta":{"footnotes":""},"categories":[105],"tags":[126,4099,4459,4458,3425,3619,3381,3580,4460],"class_list":["post-3463","post","type-post","status-publish","format-standard","has-post-thumbnail","hentry","category-institucional","tag-derecho","tag-derecho-internacional-publico","tag-doctor-jesus-maria-yepes","tag-edicion-79","tag-europa","tag-facultad-de-ciencias-economicas-y-juridicas","tag-hoy-en-la-javeriana","tag-jesus-maria-yepes","tag-mayo-1962"],"acf":[],"_links":{"self":[{"href":"https:\/\/www.javeriana.edu.co\/repositorio-hoy-en-la-javeriana\/wp-json\/wp\/v2\/posts\/3463","targetHints":{"allow":["GET"]}}],"collection":[{"href":"https:\/\/www.javeriana.edu.co\/repositorio-hoy-en-la-javeriana\/wp-json\/wp\/v2\/posts"}],"about":[{"href":"https:\/\/www.javeriana.edu.co\/repositorio-hoy-en-la-javeriana\/wp-json\/wp\/v2\/types\/post"}],"author":[{"embeddable":true,"href":"https:\/\/www.javeriana.edu.co\/repositorio-hoy-en-la-javeriana\/wp-json\/wp\/v2\/users\/1"}],"replies":[{"embeddable":true,"href":"https:\/\/www.javeriana.edu.co\/repositorio-hoy-en-la-javeriana\/wp-json\/wp\/v2\/comments?post=3463"}],"version-history":[{"count":0,"href":"https:\/\/www.javeriana.edu.co\/repositorio-hoy-en-la-javeriana\/wp-json\/wp\/v2\/posts\/3463\/revisions"}],"wp:featuredmedia":[{"embeddable":true,"href":"https:\/\/www.javeriana.edu.co\/repositorio-hoy-en-la-javeriana\/wp-json\/wp\/v2\/media\/1866"}],"wp:attachment":[{"href":"https:\/\/www.javeriana.edu.co\/repositorio-hoy-en-la-javeriana\/wp-json\/wp\/v2\/media?parent=3463"}],"wp:term":[{"taxonomy":"category","embeddable":true,"href":"https:\/\/www.javeriana.edu.co\/repositorio-hoy-en-la-javeriana\/wp-json\/wp\/v2\/categories?post=3463"},{"taxonomy":"post_tag","embeddable":true,"href":"https:\/\/www.javeriana.edu.co\/repositorio-hoy-en-la-javeriana\/wp-json\/wp\/v2\/tags?post=3463"}],"curies":[{"name":"wp","href":"https:\/\/api.w.org\/{rel}","templated":true}]}}