{"id":3467,"date":"1962-05-04T11:49:54","date_gmt":"1962-05-04T16:49:54","guid":{"rendered":"https:\/\/masifica.co\/hoyenlajaveriana\/?p=3467"},"modified":"2019-07-02T11:51:18","modified_gmt":"2019-07-02T16:51:18","slug":"sentido-pesame","status":"publish","type":"post","link":"https:\/\/www.javeriana.edu.co\/repositorio-hoy-en-la-javeriana\/sentido-pesame\/","title":{"rendered":"Sentido p\u00e9same"},"content":{"rendered":"<p>En Los \u00c1ngeles, California, falleci\u00f3 recientemente el padre del muy apreciado profesor javeriano P. Eduardo Justen, S.J., quien dicta a cabalidad la c\u00e1tedra de Literatura Inglesa en al Departamento de Idiomas. \u00abHOY EN LA JAVERIANA\u201d hace llegar su expresi\u00f3n de condolencia al P. Justen y sus familiares.<\/p>\n","protected":false},"excerpt":{"rendered":"<p>En Los \u00c1ngeles, California, falleci\u00f3 recientemente el padre del muy apreciado profesor javeriano P. Eduardo Justen, S.J., quien dicta a cabalidad la c\u00e1tedra de Literatura Inglesa en al Departamento de Idiomas. \u00abHOY EN LA JAVERIANA\u201d hace llegar su expresi\u00f3n de condolencia al P. Justen y sus familiares.<\/p>\n","protected":false},"author":1,"featured_media":1866,"comment_status":"closed","ping_status":"closed","sticky":false,"template":"","format":"standard","meta":{"footnotes":""},"categories":[105],"tags":[4470,3608,4458,2704,3381,4469,4460,4468],"class_list":["post-3467","post","type-post","status-publish","format-standard","has-post-thumbnail","hentry","category-institucional","tag-california","tag-departamento-de-idiomas","tag-edicion-79","tag-eduardo-justen","tag-hoy-en-la-javeriana","tag-los-angeles","tag-mayo-1962","tag-sentido-pesame"],"acf":[],"_links":{"self":[{"href":"https:\/\/www.javeriana.edu.co\/repositorio-hoy-en-la-javeriana\/wp-json\/wp\/v2\/posts\/3467","targetHints":{"allow":["GET"]}}],"collection":[{"href":"https:\/\/www.javeriana.edu.co\/repositorio-hoy-en-la-javeriana\/wp-json\/wp\/v2\/posts"}],"about":[{"href":"https:\/\/www.javeriana.edu.co\/repositorio-hoy-en-la-javeriana\/wp-json\/wp\/v2\/types\/post"}],"author":[{"embeddable":true,"href":"https:\/\/www.javeriana.edu.co\/repositorio-hoy-en-la-javeriana\/wp-json\/wp\/v2\/users\/1"}],"replies":[{"embeddable":true,"href":"https:\/\/www.javeriana.edu.co\/repositorio-hoy-en-la-javeriana\/wp-json\/wp\/v2\/comments?post=3467"}],"version-history":[{"count":0,"href":"https:\/\/www.javeriana.edu.co\/repositorio-hoy-en-la-javeriana\/wp-json\/wp\/v2\/posts\/3467\/revisions"}],"wp:featuredmedia":[{"embeddable":true,"href":"https:\/\/www.javeriana.edu.co\/repositorio-hoy-en-la-javeriana\/wp-json\/wp\/v2\/media\/1866"}],"wp:attachment":[{"href":"https:\/\/www.javeriana.edu.co\/repositorio-hoy-en-la-javeriana\/wp-json\/wp\/v2\/media?parent=3467"}],"wp:term":[{"taxonomy":"category","embeddable":true,"href":"https:\/\/www.javeriana.edu.co\/repositorio-hoy-en-la-javeriana\/wp-json\/wp\/v2\/categories?post=3467"},{"taxonomy":"post_tag","embeddable":true,"href":"https:\/\/www.javeriana.edu.co\/repositorio-hoy-en-la-javeriana\/wp-json\/wp\/v2\/tags?post=3467"}],"curies":[{"name":"wp","href":"https:\/\/api.w.org\/{rel}","templated":true}]}}