{"id":3526,"date":"1962-05-18T10:26:06","date_gmt":"1962-05-18T15:26:06","guid":{"rendered":"https:\/\/masifica.co\/hoyenlajaveriana\/?p=3526"},"modified":"2019-07-03T10:27:23","modified_gmt":"2019-07-03T15:27:23","slug":"la-javeriana-en-el-tolima","status":"publish","type":"post","link":"https:\/\/www.javeriana.edu.co\/repositorio-hoy-en-la-javeriana\/la-javeriana-en-el-tolima\/","title":{"rendered":"La Javeriana en el Tolima"},"content":{"rendered":"<p>Nuestra Universidad, por intermedio de su Rector, se hizo presente en la bendici\u00f3n de los nuevos edificios de la Universidad del Tolima, agregados a su Ciudad Universitaria en las afueras de Ibagu\u00e9. Al solemne acto concurrieron: el Se\u00f1or Ministro de Educaci\u00f3n, el Se\u00f1or Obispo de la Di\u00f3cesis, el Gobernador y algunos Rectores de Universidades del pa\u00eds. El esfuerzo hecho por la Universidad del Tolima merece sinceros parabienes.<\/p>\n","protected":false},"excerpt":{"rendered":"<p>Nuestra Universidad, por intermedio de su Rector, se hizo presente en la bendici\u00f3n de los nuevos edificios de la Universidad del Tolima, agregados a su Ciudad Universitaria en las afueras de Ibagu\u00e9. Al solemne acto concurrieron: el Se\u00f1or Ministro de Educaci\u00f3n, el Se\u00f1or Obispo de la Di\u00f3cesis, el Gobernador y algunos Rectores de Universidades del pa\u00eds. El esfuerzo hecho por la Universidad del Tolima merece sinceros parabienes.<\/p>\n","protected":false},"author":1,"featured_media":1866,"comment_status":"closed","ping_status":"closed","sticky":false,"template":"","format":"standard","meta":{"footnotes":""},"categories":[39],"tags":[4530,1973,4548,4460,594,3007],"class_list":["post-3526","post","type-post","status-publish","format-standard","has-post-thumbnail","hentry","category-academia","tag-edicion-83","tag-ibague","tag-la-javeriana-en-el-tolima","tag-mayo-1962","tag-rector","tag-universidad-del-tolima"],"acf":[],"_links":{"self":[{"href":"https:\/\/www.javeriana.edu.co\/repositorio-hoy-en-la-javeriana\/wp-json\/wp\/v2\/posts\/3526","targetHints":{"allow":["GET"]}}],"collection":[{"href":"https:\/\/www.javeriana.edu.co\/repositorio-hoy-en-la-javeriana\/wp-json\/wp\/v2\/posts"}],"about":[{"href":"https:\/\/www.javeriana.edu.co\/repositorio-hoy-en-la-javeriana\/wp-json\/wp\/v2\/types\/post"}],"author":[{"embeddable":true,"href":"https:\/\/www.javeriana.edu.co\/repositorio-hoy-en-la-javeriana\/wp-json\/wp\/v2\/users\/1"}],"replies":[{"embeddable":true,"href":"https:\/\/www.javeriana.edu.co\/repositorio-hoy-en-la-javeriana\/wp-json\/wp\/v2\/comments?post=3526"}],"version-history":[{"count":0,"href":"https:\/\/www.javeriana.edu.co\/repositorio-hoy-en-la-javeriana\/wp-json\/wp\/v2\/posts\/3526\/revisions"}],"wp:featuredmedia":[{"embeddable":true,"href":"https:\/\/www.javeriana.edu.co\/repositorio-hoy-en-la-javeriana\/wp-json\/wp\/v2\/media\/1866"}],"wp:attachment":[{"href":"https:\/\/www.javeriana.edu.co\/repositorio-hoy-en-la-javeriana\/wp-json\/wp\/v2\/media?parent=3526"}],"wp:term":[{"taxonomy":"category","embeddable":true,"href":"https:\/\/www.javeriana.edu.co\/repositorio-hoy-en-la-javeriana\/wp-json\/wp\/v2\/categories?post=3526"},{"taxonomy":"post_tag","embeddable":true,"href":"https:\/\/www.javeriana.edu.co\/repositorio-hoy-en-la-javeriana\/wp-json\/wp\/v2\/tags?post=3526"}],"curies":[{"name":"wp","href":"https:\/\/api.w.org\/{rel}","templated":true}]}}