{"id":3535,"date":"1962-05-22T10:44:06","date_gmt":"1962-05-22T15:44:06","guid":{"rendered":"https:\/\/masifica.co\/hoyenlajaveriana\/?p=3535"},"modified":"2019-07-03T10:48:21","modified_gmt":"2019-07-03T15:48:21","slug":"nuevo-director-de-capacitacion-laboral","status":"publish","type":"post","link":"https:\/\/www.javeriana.edu.co\/repositorio-hoy-en-la-javeriana\/nuevo-director-de-capacitacion-laboral\/","title":{"rendered":"Nuevo director de Capacitaci\u00f3n Laboral"},"content":{"rendered":"<p>El Dr. Fadrique Otero O., Ingeniero javeriano, ha sido nombrado nuevo Director del Instituto de Capacitaci\u00f3n Laboral, en reemplazo del infatigable Dr. Enrique Pinilla, quien sale pr\u00f3ximamente para Ohio State University, favorecido con una boca de la National Science Foundation, El nuevo Director contar\u00e1 con la colaboraci\u00f3n de la Asociaci\u00f3n de Antiguos Alumnos de la Facultad de Ingenier\u00eda. \u00abHoy en la Javeriana\u00bb desea muchos \u00e9xitos al Dr. Otero en su nuevo cargo.<\/p>\n","protected":false},"excerpt":{"rendered":"<p>El Dr. Fadrique Otero O., Ingeniero javeriano, ha sido nombrado nuevo Director del Instituto de Capacitaci\u00f3n Laboral, en reemplazo del infatigable Dr. Enrique Pinilla, quien sale pr\u00f3ximamente para Ohio State University, favorecido con una boca de la National Science Foundation, El nuevo Director contar\u00e1 con la colaboraci\u00f3n de la Asociaci\u00f3n de Antiguos Alumnos de la Facultad de Ingenier\u00eda. \u00abHoy en la Javeriana\u00bb desea muchos \u00e9xitos al Dr. Otero en su nuevo cargo.<\/p>\n","protected":false},"author":1,"featured_media":1866,"comment_status":"closed","ping_status":"closed","sticky":false,"template":"","format":"standard","meta":{"footnotes":""},"categories":[39],"tags":[2813,4551,4554,109,4553,3381,2616,4460,4556,4552,4555],"class_list":["post-3535","post","type-post","status-publish","format-standard","has-post-thumbnail","hentry","category-academia","tag-asociacion-de-antiguos-alumnos","tag-edicion-84","tag-enrique-pinilla","tag-facultad-de-ingenieria","tag-fadrique-otero-o","tag-hoy-en-la-javeriana","tag-instituto-de-capacitacion-laboral","tag-mayo-1962","tag-national-science-foundation","tag-nuevo-director-de-capacitacion-laboral","tag-ohio-state-university"],"acf":[],"_links":{"self":[{"href":"https:\/\/www.javeriana.edu.co\/repositorio-hoy-en-la-javeriana\/wp-json\/wp\/v2\/posts\/3535","targetHints":{"allow":["GET"]}}],"collection":[{"href":"https:\/\/www.javeriana.edu.co\/repositorio-hoy-en-la-javeriana\/wp-json\/wp\/v2\/posts"}],"about":[{"href":"https:\/\/www.javeriana.edu.co\/repositorio-hoy-en-la-javeriana\/wp-json\/wp\/v2\/types\/post"}],"author":[{"embeddable":true,"href":"https:\/\/www.javeriana.edu.co\/repositorio-hoy-en-la-javeriana\/wp-json\/wp\/v2\/users\/1"}],"replies":[{"embeddable":true,"href":"https:\/\/www.javeriana.edu.co\/repositorio-hoy-en-la-javeriana\/wp-json\/wp\/v2\/comments?post=3535"}],"version-history":[{"count":0,"href":"https:\/\/www.javeriana.edu.co\/repositorio-hoy-en-la-javeriana\/wp-json\/wp\/v2\/posts\/3535\/revisions"}],"wp:featuredmedia":[{"embeddable":true,"href":"https:\/\/www.javeriana.edu.co\/repositorio-hoy-en-la-javeriana\/wp-json\/wp\/v2\/media\/1866"}],"wp:attachment":[{"href":"https:\/\/www.javeriana.edu.co\/repositorio-hoy-en-la-javeriana\/wp-json\/wp\/v2\/media?parent=3535"}],"wp:term":[{"taxonomy":"category","embeddable":true,"href":"https:\/\/www.javeriana.edu.co\/repositorio-hoy-en-la-javeriana\/wp-json\/wp\/v2\/categories?post=3535"},{"taxonomy":"post_tag","embeddable":true,"href":"https:\/\/www.javeriana.edu.co\/repositorio-hoy-en-la-javeriana\/wp-json\/wp\/v2\/tags?post=3535"}],"curies":[{"name":"wp","href":"https:\/\/api.w.org\/{rel}","templated":true}]}}