{"id":3565,"date":"1962-06-05T11:51:03","date_gmt":"1962-06-05T16:51:03","guid":{"rendered":"https:\/\/masifica.co\/hoyenlajaveriana\/?p=3565"},"modified":"2019-07-03T11:57:24","modified_gmt":"2019-07-03T16:57:24","slug":"accion-comunal-javeriana-4","status":"publish","type":"post","link":"https:\/\/www.javeriana.edu.co\/repositorio-hoy-en-la-javeriana\/accion-comunal-javeriana-4\/","title":{"rendered":"Acci\u00f3n Comunal Javeriana"},"content":{"rendered":"<p>EL PARA\u00cdSO. El domingo 27 de mayo un grupo de 15 javerianos realiz\u00f3 un interesante trabajo de Acci\u00f3n Comunal en el Barrio El Para\u00edso, vecino a la Universidad. Los Profesores Arturo Ocampo \u00c1lvarez, Luis Enrique Pinilla y P. Jorge Hoyos, S.J., se dedicaron al trabajo material, en compa\u00f1\u00eda de numerosos obreros del Barrio, y de un grupo de Javerianos de la OCUM, y de las Facultades de Derecho, Odontolog\u00eda e Ingenier\u00eda. Con este d\u00eda de trabajo, con el del jueves y unos dos domingos m\u00e1s, se dar\u00e1 por terminado el Dispensario M\u00e9dico y Odontol\u00f3gico que dirigir\u00e1 la Universidad Javeriana, por Acci\u00f3n Comunal, y con la ayuda del Comit\u00e9 del Barrio y del Servicio Interamericano de Salud P\u00fablica, a trav\u00e9s del Dr. Ocampo \u00c1lvarez. Elabor\u00f3 los planos del dispensario el Arquitecto javeriano Camilo Rinc\u00f3n, y dirigi\u00f3 los trabajos el Dr. Enrique Pinilla, Ingeniero y Profesor de la Universidad. Ya antes un grupo de Se\u00f1oritas javerianas del Servicio Social, Derecho y Periodismo, hab\u00edan realizado trabajos previos de encuesta, y de acercamiento social en el mismo campo, y otros estudiantes de Medicina, pertenecientes a la OCUM, habr\u00e1n abierto un modesto pero eficiente dispensario para su trabajo social. Con la inauguraci\u00f3n del dispensario culminar\u00e1 la primera etapa de labor, y se comenzar\u00e1n otros planes ya programados como la Escuela, la Capilla, los campos de juegos para los ni\u00f1os, y otros servicios comunales. Un grupo de estudiantes de sexto de Arquitectura va terminando su tesis de grado sobre un planeamiento integral del Barrio, en Acci\u00f3n Comunal. Varios Profesores de Arquitectura, en primero y segundo cursos, vienen inculcando a sus alumnos este esp\u00edritu social, al se\u00f1alarles proyectos sobre vivienda obrera, casas por Acci\u00f3n Comunal, etc. Felicitaciones a ellos y a sus alumnos.<\/p>\n","protected":false},"excerpt":{"rendered":"<p>EL PARA\u00cdSO. El domingo 27 de mayo un grupo de 15 javerianos realiz\u00f3 un interesante trabajo de Acci\u00f3n Comunal en el Barrio El Para\u00edso, vecino a la Universidad. Los Profesores Arturo Ocampo \u00c1lvarez, Luis Enrique Pinilla y P. Jorge Hoyos, S.J., se dedicaron al trabajo material, en compa\u00f1\u00eda de numerosos obreros del Barrio, y de un grupo de Javerianos de la OCUM, y de las Facultades de Derecho, Odontolog\u00eda e Ingenier\u00eda. Con este d\u00eda de trabajo, con el del jueves y unos dos domingos m\u00e1s, se dar\u00e1 por terminado el Dispensario M\u00e9dico y Odontol\u00f3gico que dirigir\u00e1 la Universidad Javeriana, por Acci\u00f3n Comunal, y con la ayuda del Comit\u00e9 del Barrio y del Servicio Interamericano de Salud P\u00fablica, a trav\u00e9s del[&hellip;]<\/p>\n","protected":false},"author":1,"featured_media":1866,"comment_status":"closed","ping_status":"closed","sticky":false,"template":"","format":"standard","meta":{"footnotes":""},"categories":[59],"tags":[3533,3749,116,2731,3308,4612,126,4611,4608,4554,4610,73,802,4609,2701,228,115,75,81,2530],"class_list":["post-3565","post","type-post","status-publish","format-standard","has-post-thumbnail","hentry","category-sociedad","tag-accion-comunal","tag-accion-comunal-javeriana","tag-arquitectura","tag-arturo-ocampo-alvarez","tag-barrio-el-paraiso","tag-camilo-rincon","tag-derecho","tag-dispensario-medico-y-odontologico","tag-edicion-87","tag-enrique-pinilla","tag-facultades-de-derecho","tag-ingenieria","tag-jorge-hoyos","tag-junio-1962","tag-luis-enrique-pinilla","tag-ocum","tag-odontologia","tag-periodismo","tag-servicio-social","tag-universidad-javeriana"],"acf":[],"_links":{"self":[{"href":"https:\/\/www.javeriana.edu.co\/repositorio-hoy-en-la-javeriana\/wp-json\/wp\/v2\/posts\/3565","targetHints":{"allow":["GET"]}}],"collection":[{"href":"https:\/\/www.javeriana.edu.co\/repositorio-hoy-en-la-javeriana\/wp-json\/wp\/v2\/posts"}],"about":[{"href":"https:\/\/www.javeriana.edu.co\/repositorio-hoy-en-la-javeriana\/wp-json\/wp\/v2\/types\/post"}],"author":[{"embeddable":true,"href":"https:\/\/www.javeriana.edu.co\/repositorio-hoy-en-la-javeriana\/wp-json\/wp\/v2\/users\/1"}],"replies":[{"embeddable":true,"href":"https:\/\/www.javeriana.edu.co\/repositorio-hoy-en-la-javeriana\/wp-json\/wp\/v2\/comments?post=3565"}],"version-history":[{"count":0,"href":"https:\/\/www.javeriana.edu.co\/repositorio-hoy-en-la-javeriana\/wp-json\/wp\/v2\/posts\/3565\/revisions"}],"wp:featuredmedia":[{"embeddable":true,"href":"https:\/\/www.javeriana.edu.co\/repositorio-hoy-en-la-javeriana\/wp-json\/wp\/v2\/media\/1866"}],"wp:attachment":[{"href":"https:\/\/www.javeriana.edu.co\/repositorio-hoy-en-la-javeriana\/wp-json\/wp\/v2\/media?parent=3565"}],"wp:term":[{"taxonomy":"category","embeddable":true,"href":"https:\/\/www.javeriana.edu.co\/repositorio-hoy-en-la-javeriana\/wp-json\/wp\/v2\/categories?post=3565"},{"taxonomy":"post_tag","embeddable":true,"href":"https:\/\/www.javeriana.edu.co\/repositorio-hoy-en-la-javeriana\/wp-json\/wp\/v2\/tags?post=3565"}],"curies":[{"name":"wp","href":"https:\/\/api.w.org\/{rel}","templated":true}]}}