{"id":3585,"date":"1962-06-08T09:26:52","date_gmt":"1962-06-08T14:26:52","guid":{"rendered":"https:\/\/masifica.co\/hoyenlajaveriana\/?p=3585"},"modified":"2019-07-05T09:34:48","modified_gmt":"2019-07-05T14:34:48","slug":"ilustres-huespedes","status":"publish","type":"post","link":"https:\/\/www.javeriana.edu.co\/repositorio-hoy-en-la-javeriana\/ilustres-huespedes\/","title":{"rendered":"Ilustres hu\u00e9spedes"},"content":{"rendered":"<p>Non han visitado los Padres Provinciales de la Compa\u00f1\u00eda de Jes\u00fas, procedentes de diversos pa\u00edses americanos. Fueron ellos los RR.PP. C\u00e1ndido Gavi\u00f1a, de Argentina; Antonio Abad, de Bolivia; \u00c1lvaro Lavin, de Chile; Daniel Baldor, de Venezuela; Manuel N. Fern\u00e1ndez de Castro, del Paraguay; Jos\u00e9 J. Mart\u00ednez Aguirre y Luis Mendoza Guizar, de M\u00e9xico. En asocio de la primera autoridad de la Universidad, tuvieron la oportunidad de conocer los modernos edificios de la Javeriana, motivo que les produjo magnifica impresi\u00f3n.<\/p>\n","protected":false},"excerpt":{"rendered":"<p>Non han visitado los Padres Provinciales de la Compa\u00f1\u00eda de Jes\u00fas, procedentes de diversos pa\u00edses americanos. Fueron ellos los RR.PP. C\u00e1ndido Gavi\u00f1a, de Argentina; Antonio Abad, de Bolivia; \u00c1lvaro Lavin, de Chile; Daniel Baldor, de Venezuela; Manuel N. Fern\u00e1ndez de Castro, del Paraguay; Jos\u00e9 J. Mart\u00ednez Aguirre y Luis Mendoza Guizar, de M\u00e9xico. En asocio de la primera autoridad de la Universidad, tuvieron la oportunidad de conocer los modernos edificios de la Javeriana, motivo que les produjo magnifica impresi\u00f3n.<\/p>\n","protected":false},"author":1,"featured_media":1866,"comment_status":"closed","ping_status":"closed","sticky":false,"template":"","format":"standard","meta":{"footnotes":""},"categories":[105],"tags":[4647,4646,530,308,2979,2565,268,4648,4623,4644,4651,4609,4652,4649,558,4645,4650,2564],"class_list":["post-3585","post","type-post","status-publish","format-standard","has-post-thumbnail","hentry","category-institucional","tag-alvaro-lavin","tag-antonio-abad","tag-argentina","tag-bolivia","tag-candido-gavina","tag-chile","tag-compania-de-jesus","tag-daniel-baldor","tag-edicion-88","tag-ilustres-huespedes","tag-jose-j-martinez-aguirre","tag-junio-1962","tag-luis-mendoza-guizar","tag-manuel-n-fernandez-de-castro","tag-mexico","tag-padres-provinciales","tag-paraguay","tag-venezuela"],"acf":[],"_links":{"self":[{"href":"https:\/\/www.javeriana.edu.co\/repositorio-hoy-en-la-javeriana\/wp-json\/wp\/v2\/posts\/3585","targetHints":{"allow":["GET"]}}],"collection":[{"href":"https:\/\/www.javeriana.edu.co\/repositorio-hoy-en-la-javeriana\/wp-json\/wp\/v2\/posts"}],"about":[{"href":"https:\/\/www.javeriana.edu.co\/repositorio-hoy-en-la-javeriana\/wp-json\/wp\/v2\/types\/post"}],"author":[{"embeddable":true,"href":"https:\/\/www.javeriana.edu.co\/repositorio-hoy-en-la-javeriana\/wp-json\/wp\/v2\/users\/1"}],"replies":[{"embeddable":true,"href":"https:\/\/www.javeriana.edu.co\/repositorio-hoy-en-la-javeriana\/wp-json\/wp\/v2\/comments?post=3585"}],"version-history":[{"count":0,"href":"https:\/\/www.javeriana.edu.co\/repositorio-hoy-en-la-javeriana\/wp-json\/wp\/v2\/posts\/3585\/revisions"}],"wp:featuredmedia":[{"embeddable":true,"href":"https:\/\/www.javeriana.edu.co\/repositorio-hoy-en-la-javeriana\/wp-json\/wp\/v2\/media\/1866"}],"wp:attachment":[{"href":"https:\/\/www.javeriana.edu.co\/repositorio-hoy-en-la-javeriana\/wp-json\/wp\/v2\/media?parent=3585"}],"wp:term":[{"taxonomy":"category","embeddable":true,"href":"https:\/\/www.javeriana.edu.co\/repositorio-hoy-en-la-javeriana\/wp-json\/wp\/v2\/categories?post=3585"},{"taxonomy":"post_tag","embeddable":true,"href":"https:\/\/www.javeriana.edu.co\/repositorio-hoy-en-la-javeriana\/wp-json\/wp\/v2\/tags?post=3585"}],"curies":[{"name":"wp","href":"https:\/\/api.w.org\/{rel}","templated":true}]}}