{"id":3690,"date":"1962-07-31T10:13:39","date_gmt":"1962-07-31T15:13:39","guid":{"rendered":"https:\/\/masifica.co\/hoyenlajaveriana\/?p=3690"},"modified":"2019-07-09T10:15:57","modified_gmt":"2019-07-09T15:15:57","slug":"clausurado-el-congreso-de-a-s-i-a","status":"publish","type":"post","link":"https:\/\/www.javeriana.edu.co\/repositorio-hoy-en-la-javeriana\/clausurado-el-congreso-de-a-s-i-a\/","title":{"rendered":"Clausurado el Congreso de A.S.I.A."},"content":{"rendered":"<p>El V Congreso de Antiguos Alumnos de la Compa\u00f1\u00eda de Jes\u00fas, con m\u00e1s de 120 representantes de dentro y fuera de Colombia, y que durante los d\u00edas comprendidos entre el 27 y el 31 de julio estuvo reunido en la Universidad Javeriana, clausura en el d\u00eda de hoy sus labores. El Congreso, cuya importancia se hace trascendental, lleg\u00f3 a conclusiones que en otra ocasi\u00f3n informaremos.<\/p>\n<p>&nbsp;<\/p>\n","protected":false},"excerpt":{"rendered":"<p>El V Congreso de Antiguos Alumnos de la Compa\u00f1\u00eda de Jes\u00fas, con m\u00e1s de 120 representantes de dentro y fuera de Colombia, y que durante los d\u00edas comprendidos entre el 27 y el 31 de julio estuvo reunido en la Universidad Javeriana, clausura en el d\u00eda de hoy sus labores. El Congreso, cuya importancia se hace trascendental, lleg\u00f3 a conclusiones que en otra ocasi\u00f3n informaremos. &nbsp;<\/p>\n","protected":false},"author":1,"featured_media":1866,"comment_status":"closed","ping_status":"closed","sticky":false,"template":"","format":"standard","meta":{"footnotes":""},"categories":[39],"tags":[4842,429,4815,4843,4836,4736,2530],"class_list":["post-3690","post","type-post","status-publish","format-standard","has-post-thumbnail","hentry","category-academia","tag-clausurado-el-congreso-de-a-s-i-a","tag-colombia","tag-congreso","tag-congreso-de-antiguos-alumnos-de-la-compania-de-jesus","tag-edicion-96","tag-julio-1962","tag-universidad-javeriana"],"acf":[],"_links":{"self":[{"href":"https:\/\/www.javeriana.edu.co\/repositorio-hoy-en-la-javeriana\/wp-json\/wp\/v2\/posts\/3690","targetHints":{"allow":["GET"]}}],"collection":[{"href":"https:\/\/www.javeriana.edu.co\/repositorio-hoy-en-la-javeriana\/wp-json\/wp\/v2\/posts"}],"about":[{"href":"https:\/\/www.javeriana.edu.co\/repositorio-hoy-en-la-javeriana\/wp-json\/wp\/v2\/types\/post"}],"author":[{"embeddable":true,"href":"https:\/\/www.javeriana.edu.co\/repositorio-hoy-en-la-javeriana\/wp-json\/wp\/v2\/users\/1"}],"replies":[{"embeddable":true,"href":"https:\/\/www.javeriana.edu.co\/repositorio-hoy-en-la-javeriana\/wp-json\/wp\/v2\/comments?post=3690"}],"version-history":[{"count":0,"href":"https:\/\/www.javeriana.edu.co\/repositorio-hoy-en-la-javeriana\/wp-json\/wp\/v2\/posts\/3690\/revisions"}],"wp:featuredmedia":[{"embeddable":true,"href":"https:\/\/www.javeriana.edu.co\/repositorio-hoy-en-la-javeriana\/wp-json\/wp\/v2\/media\/1866"}],"wp:attachment":[{"href":"https:\/\/www.javeriana.edu.co\/repositorio-hoy-en-la-javeriana\/wp-json\/wp\/v2\/media?parent=3690"}],"wp:term":[{"taxonomy":"category","embeddable":true,"href":"https:\/\/www.javeriana.edu.co\/repositorio-hoy-en-la-javeriana\/wp-json\/wp\/v2\/categories?post=3690"},{"taxonomy":"post_tag","embeddable":true,"href":"https:\/\/www.javeriana.edu.co\/repositorio-hoy-en-la-javeriana\/wp-json\/wp\/v2\/tags?post=3690"}],"curies":[{"name":"wp","href":"https:\/\/api.w.org\/{rel}","templated":true}]}}