{"id":3852,"date":"1963-02-22T17:11:39","date_gmt":"1963-02-22T22:11:39","guid":{"rendered":"https:\/\/masifica.co\/hoyenlajaveriana\/?p=3852"},"modified":"2019-07-12T17:14:19","modified_gmt":"2019-07-12T22:14:19","slug":"vinculacion-extranjera","status":"publish","type":"post","link":"https:\/\/www.javeriana.edu.co\/repositorio-hoy-en-la-javeriana\/vinculacion-extranjera\/","title":{"rendered":"Vinculaci\u00f3n extranjera"},"content":{"rendered":"<p>La directiva del intimo grupo de los Cuerpos de Paz ha querido vincularse m\u00e1s estrechamente a nuestra Universidad, asign\u00e1ndole dos de sus miembros: Michael Haviland y Ruth Updegraff, para que trabajen, el primero en la Coordinaci\u00f3n de Deportes, y la segunda como Profesora de Ingl\u00e9s en el Departamento de Idiomas. La Se\u00f1orita Updegraff fue acompa\u00f1ada a tomar posesi\u00f3n de su cargo por el P. Rector de la Universidad, el Sr. T. P. Banks, Sub-Director de los Cuerpos de Paz en Colombia, y el Sr. Alvaro Monta\u00f1a de la Comisi\u00f3n Fulbright.<\/p>\n","protected":false},"excerpt":{"rendered":"<p>La directiva del intimo grupo de los Cuerpos de Paz ha querido vincularse m\u00e1s estrechamente a nuestra Universidad, asign\u00e1ndole dos de sus miembros: Michael Haviland y Ruth Updegraff, para que trabajen, el primero en la Coordinaci\u00f3n de Deportes, y la segunda como Profesora de Ingl\u00e9s en el Departamento de Idiomas. La Se\u00f1orita Updegraff fue acompa\u00f1ada a tomar posesi\u00f3n de su cargo por el P. Rector de la Universidad, el Sr. T. P. Banks, Sub-Director de los Cuerpos de Paz en Colombia, y el Sr. Alvaro Monta\u00f1a de la Comisi\u00f3n Fulbright.<\/p>\n","protected":false},"author":1,"featured_media":1866,"comment_status":"closed","ping_status":"closed","sticky":false,"template":"","format":"standard","meta":{"footnotes":""},"categories":[105],"tags":[3672,3673,5044,3608,5023,5017,3177,5045,594,5046,5047,5043],"class_list":["post-3852","post","type-post","status-publish","format-standard","has-post-thumbnail","hentry","category-institucional","tag-alvaro-montana","tag-comision-fulbright","tag-cuerpos-de-paz","tag-departamento-de-idiomas","tag-edicion-108","tag-febrero-1963","tag-ingles","tag-michael-haviland","tag-rector","tag-ruth-updegraff","tag-t-p-banks","tag-vinculacion-extranjera"],"acf":[],"_links":{"self":[{"href":"https:\/\/www.javeriana.edu.co\/repositorio-hoy-en-la-javeriana\/wp-json\/wp\/v2\/posts\/3852","targetHints":{"allow":["GET"]}}],"collection":[{"href":"https:\/\/www.javeriana.edu.co\/repositorio-hoy-en-la-javeriana\/wp-json\/wp\/v2\/posts"}],"about":[{"href":"https:\/\/www.javeriana.edu.co\/repositorio-hoy-en-la-javeriana\/wp-json\/wp\/v2\/types\/post"}],"author":[{"embeddable":true,"href":"https:\/\/www.javeriana.edu.co\/repositorio-hoy-en-la-javeriana\/wp-json\/wp\/v2\/users\/1"}],"replies":[{"embeddable":true,"href":"https:\/\/www.javeriana.edu.co\/repositorio-hoy-en-la-javeriana\/wp-json\/wp\/v2\/comments?post=3852"}],"version-history":[{"count":0,"href":"https:\/\/www.javeriana.edu.co\/repositorio-hoy-en-la-javeriana\/wp-json\/wp\/v2\/posts\/3852\/revisions"}],"wp:featuredmedia":[{"embeddable":true,"href":"https:\/\/www.javeriana.edu.co\/repositorio-hoy-en-la-javeriana\/wp-json\/wp\/v2\/media\/1866"}],"wp:attachment":[{"href":"https:\/\/www.javeriana.edu.co\/repositorio-hoy-en-la-javeriana\/wp-json\/wp\/v2\/media?parent=3852"}],"wp:term":[{"taxonomy":"category","embeddable":true,"href":"https:\/\/www.javeriana.edu.co\/repositorio-hoy-en-la-javeriana\/wp-json\/wp\/v2\/categories?post=3852"},{"taxonomy":"post_tag","embeddable":true,"href":"https:\/\/www.javeriana.edu.co\/repositorio-hoy-en-la-javeriana\/wp-json\/wp\/v2\/tags?post=3852"}],"curies":[{"name":"wp","href":"https:\/\/api.w.org\/{rel}","templated":true}]}}