{"id":3853,"date":"1963-02-22T17:15:23","date_gmt":"1963-02-22T22:15:23","guid":{"rendered":"https:\/\/masifica.co\/hoyenlajaveriana\/?p=3853"},"modified":"2019-07-12T17:19:24","modified_gmt":"2019-07-12T22:19:24","slug":"nuevos-decanos","status":"publish","type":"post","link":"https:\/\/www.javeriana.edu.co\/repositorio-hoy-en-la-javeriana\/nuevos-decanos\/","title":{"rendered":"Nuevos decanos"},"content":{"rendered":"<p>El Dr. Mario Jim\u00e9nez Cadena pas\u00f3 a ocupar el Decanato de Estudios de la Facultad de Ingenier\u00eda Civil que, hasta principios de este a\u00f1o, habr\u00e1 ocupado el Dr. Argelino Dur\u00e1n, a quien la Facultad le debe mucho del prestigio que ha adquirido. El Dr. Francisco Gnecco Calvo fue nombrado Decano Auxiliar. El R.P. Wladimiro Escobar, S.J., Decano de Disciplina de la Facultad de Ingenier\u00eda Electr\u00f3nica, ha sido nombrado Decano Encargado de Estudios. El antiguo Decano de Estudios, Dr, Werner Westphal, ha renunciado para ocupar un alto puesto en Alemania. El R.P. Jorge Betancur, S.J., fue nombrado Decano de Estudios y Disciplina de la Facultad de Ciencias Sociales. Asimismo, en la Escuela de Enfermer\u00eda, la Se\u00f1orita Luc\u00eda Villamizar ha sido nombrada Sub-Directora.<\/p>\n","protected":false},"excerpt":{"rendered":"<p>El Dr. Mario Jim\u00e9nez Cadena pas\u00f3 a ocupar el Decanato de Estudios de la Facultad de Ingenier\u00eda Civil que, hasta principios de este a\u00f1o, habr\u00e1 ocupado el Dr. Argelino Dur\u00e1n, a quien la Facultad le debe mucho del prestigio que ha adquirido. El Dr. Francisco Gnecco Calvo fue nombrado Decano Auxiliar. El R.P. Wladimiro Escobar, S.J., Decano de Disciplina de la Facultad de Ingenier\u00eda Electr\u00f3nica, ha sido nombrado Decano Encargado de Estudios. El antiguo Decano de Estudios, Dr, Werner Westphal, ha renunciado para ocupar un alto puesto en Alemania. El R.P. Jorge Betancur, S.J., fue nombrado Decano de Estudios y Disciplina de la Facultad de Ciencias Sociales. Asimismo, en la Escuela de Enfermer\u00eda, la Se\u00f1orita Luc\u00eda Villamizar ha sido nombrada[&hellip;]<\/p>\n","protected":false},"author":1,"featured_media":1866,"comment_status":"closed","ping_status":"closed","sticky":false,"template":"","format":"standard","meta":{"footnotes":""},"categories":[39],"tags":[2555,4805,5023,3589,555,4068,2574,5017,2046,5049,4400,2818,5048,2397,2400],"class_list":["post-3853","post","type-post","status-publish","format-standard","has-post-thumbnail","hentry","category-academia","tag-alemania","tag-argelino-duran","tag-edicion-108","tag-escuela-de-enfermeria","tag-facultad-de-ciencias-sociales","tag-facultad-de-ingenieria-civil","tag-facultad-de-ingenieria-electronica","tag-febrero-1963","tag-francisco-gnecco-calvo","tag-jorge-betancur","tag-lucia-villamizar","tag-mario-jimenez-cadena","tag-nuevos-decanos","tag-werner-westphal","tag-wladimiro-escobar"],"acf":[],"_links":{"self":[{"href":"https:\/\/www.javeriana.edu.co\/repositorio-hoy-en-la-javeriana\/wp-json\/wp\/v2\/posts\/3853","targetHints":{"allow":["GET"]}}],"collection":[{"href":"https:\/\/www.javeriana.edu.co\/repositorio-hoy-en-la-javeriana\/wp-json\/wp\/v2\/posts"}],"about":[{"href":"https:\/\/www.javeriana.edu.co\/repositorio-hoy-en-la-javeriana\/wp-json\/wp\/v2\/types\/post"}],"author":[{"embeddable":true,"href":"https:\/\/www.javeriana.edu.co\/repositorio-hoy-en-la-javeriana\/wp-json\/wp\/v2\/users\/1"}],"replies":[{"embeddable":true,"href":"https:\/\/www.javeriana.edu.co\/repositorio-hoy-en-la-javeriana\/wp-json\/wp\/v2\/comments?post=3853"}],"version-history":[{"count":0,"href":"https:\/\/www.javeriana.edu.co\/repositorio-hoy-en-la-javeriana\/wp-json\/wp\/v2\/posts\/3853\/revisions"}],"wp:featuredmedia":[{"embeddable":true,"href":"https:\/\/www.javeriana.edu.co\/repositorio-hoy-en-la-javeriana\/wp-json\/wp\/v2\/media\/1866"}],"wp:attachment":[{"href":"https:\/\/www.javeriana.edu.co\/repositorio-hoy-en-la-javeriana\/wp-json\/wp\/v2\/media?parent=3853"}],"wp:term":[{"taxonomy":"category","embeddable":true,"href":"https:\/\/www.javeriana.edu.co\/repositorio-hoy-en-la-javeriana\/wp-json\/wp\/v2\/categories?post=3853"},{"taxonomy":"post_tag","embeddable":true,"href":"https:\/\/www.javeriana.edu.co\/repositorio-hoy-en-la-javeriana\/wp-json\/wp\/v2\/tags?post=3853"}],"curies":[{"name":"wp","href":"https:\/\/api.w.org\/{rel}","templated":true}]}}