{"id":4053,"date":"1963-04-26T15:50:17","date_gmt":"1963-04-26T20:50:17","guid":{"rendered":"https:\/\/masifica.co\/hoyenlajaveriana\/?p=4053"},"modified":"2019-07-17T15:52:24","modified_gmt":"2019-07-17T20:52:24","slug":"nuevo-decano-de-estudios","status":"publish","type":"post","link":"https:\/\/www.javeriana.edu.co\/repositorio-hoy-en-la-javeriana\/nuevo-decano-de-estudios\/","title":{"rendered":"Nuevo Decano de Estudios"},"content":{"rendered":"<p>El Dr. Johannes Carriere, destacado Profesor de la Facultad de Ingenier\u00eda Electr\u00f3nica, ha sido nombrado Decano de Estudios de dicha Facultad. EI Dr. Carriere reemplaza, en propiedad, al antiguo Decano Dr. W. Westphal, y al Decano encargado de Estudios, R.P. W. Escobar, S.J. Este nombramiento es augurio de prosperidad para la Facultad de Electr\u00f3nica. Han sido nombrados Profesores de esta Facultad los Dres. Hernando Trujillo, graduado en M.I.T., quien dicta Comunicaciones en cuarto a\u00f1o; Rudolf Riedl y Lorenzo Panizo, quienes dan Electricidad y Electroqu\u00edmica, respectivamente; Jorge Renter\u00eda, F\u00edsica 3, y Mario Esteban, Pr\u00e1cticas de F\u00edsica y C\u00e1lculo.<\/p>\n","protected":false},"excerpt":{"rendered":"<p>El Dr. Johannes Carriere, destacado Profesor de la Facultad de Ingenier\u00eda Electr\u00f3nica, ha sido nombrado Decano de Estudios de dicha Facultad. EI Dr. Carriere reemplaza, en propiedad, al antiguo Decano Dr. W. Westphal, y al Decano encargado de Estudios, R.P. W. Escobar, S.J. Este nombramiento es augurio de prosperidad para la Facultad de Electr\u00f3nica. Han sido nombrados Profesores de esta Facultad los Dres. Hernando Trujillo, graduado en M.I.T., quien dicta Comunicaciones en cuarto a\u00f1o; Rudolf Riedl y Lorenzo Panizo, quienes dan Electricidad y Electroqu\u00edmica, respectivamente; Jorge Renter\u00eda, F\u00edsica 3, y Mario Esteban, Pr\u00e1cticas de F\u00edsica y C\u00e1lculo.<\/p>\n","protected":false},"author":1,"featured_media":1866,"comment_status":"closed","ping_status":"closed","sticky":false,"template":"","format":"standard","meta":{"footnotes":""},"categories":[105],"tags":[5272,5349,5335,5344,5345,2574,5347,5341,2399,5346,5343,5348,5338,5342,5340,5339],"class_list":["post-4053","post","type-post","status-publish","format-standard","has-post-thumbnail","hentry","category-institucional","tag-abril-1963","tag-calculo","tag-edicion-122","tag-electricidad","tag-electroquimica","tag-facultad-de-ingenieria-electronica","tag-fisica","tag-hernando-trujillo","tag-johannes-carriere","tag-jorge-renteria","tag-lorenzo-panizo","tag-mario-esteban","tag-nuevo-decano-de-estudios","tag-rudolf-riedl","tag-w-escobar","tag-w-westphal"],"acf":[],"_links":{"self":[{"href":"https:\/\/www.javeriana.edu.co\/repositorio-hoy-en-la-javeriana\/wp-json\/wp\/v2\/posts\/4053","targetHints":{"allow":["GET"]}}],"collection":[{"href":"https:\/\/www.javeriana.edu.co\/repositorio-hoy-en-la-javeriana\/wp-json\/wp\/v2\/posts"}],"about":[{"href":"https:\/\/www.javeriana.edu.co\/repositorio-hoy-en-la-javeriana\/wp-json\/wp\/v2\/types\/post"}],"author":[{"embeddable":true,"href":"https:\/\/www.javeriana.edu.co\/repositorio-hoy-en-la-javeriana\/wp-json\/wp\/v2\/users\/1"}],"replies":[{"embeddable":true,"href":"https:\/\/www.javeriana.edu.co\/repositorio-hoy-en-la-javeriana\/wp-json\/wp\/v2\/comments?post=4053"}],"version-history":[{"count":0,"href":"https:\/\/www.javeriana.edu.co\/repositorio-hoy-en-la-javeriana\/wp-json\/wp\/v2\/posts\/4053\/revisions"}],"wp:featuredmedia":[{"embeddable":true,"href":"https:\/\/www.javeriana.edu.co\/repositorio-hoy-en-la-javeriana\/wp-json\/wp\/v2\/media\/1866"}],"wp:attachment":[{"href":"https:\/\/www.javeriana.edu.co\/repositorio-hoy-en-la-javeriana\/wp-json\/wp\/v2\/media?parent=4053"}],"wp:term":[{"taxonomy":"category","embeddable":true,"href":"https:\/\/www.javeriana.edu.co\/repositorio-hoy-en-la-javeriana\/wp-json\/wp\/v2\/categories?post=4053"},{"taxonomy":"post_tag","embeddable":true,"href":"https:\/\/www.javeriana.edu.co\/repositorio-hoy-en-la-javeriana\/wp-json\/wp\/v2\/tags?post=4053"}],"curies":[{"name":"wp","href":"https:\/\/api.w.org\/{rel}","templated":true}]}}