{"id":408,"date":"2009-07-01T20:33:35","date_gmt":"2009-07-02T01:33:35","guid":{"rendered":"http:\/\/masifica.co\/hoyenlajaveriana\/?p=408"},"modified":"2019-05-07T12:13:44","modified_gmt":"2019-05-07T17:13:44","slug":"la-javeriana-expande-sus-fronteras-en-londres-y-madrid","status":"publish","type":"post","link":"https:\/\/www.javeriana.edu.co\/repositorio-hoy-en-la-javeriana\/la-javeriana-expande-sus-fronteras-en-londres-y-madrid\/","title":{"rendered":"La Javeriana expande sus fronteras en Londres y Madrid"},"content":{"rendered":"<p><em>*Foto:\u00a0Noem\u00ed San\u00edn, como Embajadora de Colombia en Inglaterra, pero adem\u00e1s como egresada de la Universidad Javeriana, fue la anfitriona de la visita que realizaron a Londres el Padre Rector Joaqu\u00edn S\u00e1nchez, S.J. y la Directora de Egresados, Mar\u00eda Claudia Pe\u00f1aranda. Fotograf\u00eda: Cortes\u00eda Secretar\u00eda de Relaciones con Egresados.<\/em><\/p>\n<p><strong>Cap\u00edtulo Londres<br \/>\n<\/strong><em>Redacci\u00f3n por: Rodrigo Par\u00eds Rojas<\/em><br \/>\n<em>Comunicador Social-Periodista 1997, Polit\u00f3logo 2000<\/em><\/p>\n<p>La Universidad Javeriana es hoy m\u00e1s universidad. Londres fue el epicentro el 25 de junio de un encuentro de egresados de nuestra alma m\u00e1ter, liderado por el Rector Padre Joaqu\u00edn S\u00e1nchez, y la Directora de Relaciones con Egresados, Mar\u00eda Claudia Pe\u00f1aranda.<\/p>\n<p>En el evento participaron 80 javerianos, una muestra significativa por la diversidad de campos profesionales representados en cada asistente y sus historias de vida y experiencias.<\/p>\n<p>Con esta iniciativa, Londres se sum\u00f3 a otras ciudades del mundo (como Nueva York, Miami, Toronto, entre otras) en donde la Universidad busca estrechar lazos con sus ex alumnos y expandir sus fronteras para aprovechar rec\u00edprocamente los sue\u00f1os que surgen en Bogot\u00e1 y que a\u00f1os despu\u00e9s se materializan en muchos lugares del planeta.<\/p>\n<p>La iniciativa es crucial para que la Universidad adquiera cada vez m\u00e1s ese car\u00e1cter de universo, aprovechando a sus hijos que hoy viven como inmigrantes en los cinco continentes, y es fundamental para que nosotros egresados en el exterior podamos retribuir a la instituci\u00f3n para el fortalecimiento del proyecto educativo que encarna la Javeriana.<\/p>\n<p>La funcionalidad de este cap\u00edtulo que empez\u00f3 a escribirse en Londres con la presencia del Padre Rector, radica en construir un flujo de ideas y proyectos desde Bogot\u00e1 hacia el Reino Unido y viceversa; adem\u00e1s, para cualquier Javeriano que en el corto o mediano plazo emigre hacia las Islas Brit\u00e1nicas, tener un cap\u00edtulo de la Universidad funcionando es de crucial relevancia para tener un punto de partida cuando se llega a un pa\u00eds nuevo, y para saber que los espacios laborales y sociales pueden expandirse f\u00e1cilmente teniendo a un grupo base de Javerianos ya radicados en el extranjero.<\/p>\n<p>El deber inmediato es que la iniciativa se consolide con un plan de acci\u00f3n sencillo pero efectivo y con metas reales en el corto plazo que se ir\u00e1n debatiendo y organizando en las pr\u00f3ximas semanas. Cada uno de los Javerianos en Londres tenemos la responsabilidad y el deber por alimentar este proyecto, sin duda ben\u00e9fico por los aspectos antes mencionados. La Universidad en Bogot\u00e1 est\u00e1 atenta y dispuesta a facilitar los esfuerzos que se hagan desde aqu\u00ed, as\u00ed que el trabajo que nos espera es arduo y exige voluntad, compromiso y tiempo; caracter\u00edsticas muy venidas a menos en el quehacer humano de hoy.<\/p>\n<p>Invito a mis compa\u00f1eros javerianos en Londres a no claudicar en el esfuerzo, doy la bienvenida a cualquier egresado de nuestra Universidad que hoy en Colombia piense en venir al Reino Unido para que se vincule a nuestro grupo y agradezco al Rector por su \u00e1nimo y empecinamiento en expandir las fronteras de la Universidad en todo momento, algo fundamental para seguir creciendo en el conocimiento que no culmina con el grado, si no con \u00e9l, es cuando verdaderamente empieza.<\/p>\n<p>Tengo la plena confianza que en 2010 para la conmemoraci\u00f3n de los 80 a\u00f1os de la Universidad, podremos hablar m\u00e1s de resultados que de ideas; est\u00e1 en nuestras manos el hacerlo, y en nuestro coraz\u00f3n, la obligaci\u00f3n por cumplirlo.<\/p>\n<p>&nbsp;<\/p>\n<p><em><strong>Cap\u00edtulo Madrid<br \/>\n<\/strong>Redacci\u00f3n por: Hern\u00e1n Rojas Vizcaya<br \/>\nComunicador Social (hrojasv@yahoo.com)<strong><br \/>\n<\/strong><\/em><\/p>\n<p>En los 13 a\u00f1os que llevo en Espa\u00f1a he asistido a un par de reuniones de egresados javerianos que no llegaron a partea alguna, no dejaron de ser unas simples reuniones sociales. Pero el s\u00e1bado 20 de junio todo fue diferente. Se realiz\u00f3 una reuni\u00f3n de egresados javerianos, presidida por el Padre Rector, Joaqu\u00edn S\u00e1nchez Garc\u00eda S.J., y la Directora de Egresados, Maria Claudia Pe\u00f1aranda, y a la que asistieron m\u00e1s de 70 profesionales. La presencia del Padre Rector fue muy significativa para todos, se demostr\u00f3 que los egresados somos importantes y el hecho de estar en contacto lo es m\u00e1s. Se dedujo la importancia y el papel que tenemos los egresados para nuestra universidad, para nosotros mismos y para nuestro pa\u00eds. Esta reuni\u00f3n, estoy seguro, es el punto de partida para el cap\u00edtulo de egresados en Espa\u00f1a.<\/p>\n<p>Durante la charla el Padre Rector hizo una presentaci\u00f3n, tanto de la Javeriana, como de la relaci\u00f3n con los egresados, entre otros temas. Tuvimos la oportunidad de actualizarnos en lo referente a nuestra universidad, adem\u00e1s de intercambiar ideas y experiencias. Los asistentes estuvimos de acuerdo en la importancia y necesidad de continuar en contacto permanente con nuestra universidad y entre todos los egresados, pero lo fundamental es mantener este contacto y crecer hasta conseguir el mayor n\u00famero de egresados vinculados en Espa\u00f1a.<\/p>\n<p>Para lo anterior es necesario realizar reuniones peri\u00f3dicas, as\u00ed como crear un bolet\u00edn electr\u00f3nico con informaci\u00f3n \u00fatil para todos, adem\u00e1s de tener acceso a informaci\u00f3n de grupos en otros pa\u00edses, por lo que es importante que los egresados env\u00eden sus datos a la Secretar\u00eda de Egresados de la universidad.<\/p>\n<p>Veo muy \u00fatil la creaci\u00f3n de este cap\u00edtulo, puesto que por mi experiencia personal y profesional en Espa\u00f1a, donde trabajo con y para colombianos hace casi 10 a\u00f1os, puedo afirmar que beneficiar\u00e1 a mucha gente, a muchos javerianos, se podr\u00e1n crear bolsas de empleo, compartir informaci\u00f3n, ayudarnos mutuamente, ofrecer oportunidades, crear y desarrollar proyectos, realizar convenios con universidades, en fin, se pueden hacer muchas cosas en beneficio de todos, y cada uno desde su lugar podr\u00e1 ayudar o beneficiarse de una u otra manera.<\/p>\n<p>Finalmente, en nombre de los egresados en Espa\u00f1a, quiero agradecer al Padre Rector y a la Directora de Egresados, el inter\u00e9s que han puesto para la creaci\u00f3n de este cap\u00edtulo, adem\u00e1s de la organizaci\u00f3n del evento en Madrid, tanto la reuni\u00f3n como la cena, fueron un \u00e9xito. El cap\u00edtulo Egresados en Espa\u00f1a ha sido creado, los egresados javerianos en este pa\u00eds lo est\u00e1bamos. esperando<\/p>\n<figure id=\"attachment_410\" aria-describedby=\"caption-attachment-410\" style=\"width: 692px\" class=\"wp-caption aligncenter\"><img loading=\"lazy\" decoding=\"async\" class=\"size-full wp-image-410\" src=\"http:\/\/masifica.co\/hoyenlajaveriana\/wp-content\/uploads\/2018\/10\/2-5.jpg\" alt=\"\" width=\"692\" height=\"323\" srcset=\"https:\/\/www.javeriana.edu.co\/repositorio-hoy-en-la-javeriana\/wp-content\/uploads\/2018\/10\/2-5.jpg 692w, https:\/\/www.javeriana.edu.co\/repositorio-hoy-en-la-javeriana\/wp-content\/uploads\/2018\/10\/2-5-500x233.jpg 500w\" sizes=\"auto, (max-width: 692px) 100vw, 692px\" \/><figcaption id=\"caption-attachment-410\" class=\"wp-caption-text\">En Madrid se reunieron cerca de 70 profesionales egresados de la Universidad Javeriana. Fotograf\u00eda: Cortes\u00eda Secretar\u00eda de Relaciones con Egresados.<\/figcaption><\/figure>\n<p>&nbsp;<\/p>\n","protected":false},"excerpt":{"rendered":"<p>*Foto:\u00a0Noem\u00ed San\u00edn, como Embajadora de Colombia en Inglaterra, pero adem\u00e1s como egresada de la Universidad Javeriana, fue la anfitriona de la visita que realizaron a Londres el Padre Rector Joaqu\u00edn S\u00e1nchez, S.J. y la Directora de Egresados, Mar\u00eda Claudia Pe\u00f1aranda. Fotograf\u00eda: Cortes\u00eda Secretar\u00eda de Relaciones con Egresados. Cap\u00edtulo Londres Redacci\u00f3n por: Rodrigo Par\u00eds Rojas Comunicador Social-Periodista 1997, Polit\u00f3logo 2000 La Universidad Javeriana es hoy m\u00e1s universidad. Londres fue el epicentro el 25 de junio de un encuentro de egresados de nuestra alma m\u00e1ter, liderado por el Rector Padre Joaqu\u00edn S\u00e1nchez, y la Directora de Relaciones con Egresados, Mar\u00eda Claudia Pe\u00f1aranda. En el evento participaron 80 javerianos, una muestra significativa por la diversidad de campos profesionales representados en cada asistente y[&hellip;]<\/p>\n","protected":false},"author":1,"featured_media":409,"comment_status":"closed","ping_status":"closed","sticky":false,"template":"","format":"standard","meta":{"footnotes":""},"categories":[105],"tags":[239,542,535,531,427,532,533,536,540,534,539,537,538,211,541],"class_list":["post-408","post","type-post","status-publish","format-standard","has-post-thumbnail","hentry","category-institucional","tag-239","tag-hernan-rojas-vizcaya","tag-joaquin-sanchez","tag-julio","tag-julio-2009","tag-londres","tag-madrid","tag-maria-claudia-penaranda","tag-miami","tag-noemi-sanin","tag-nueva-york","tag-relaciones-con-egresados","tag-rodrigo-paris-rojas","tag-s-j","tag-toronto"],"acf":[],"_links":{"self":[{"href":"https:\/\/www.javeriana.edu.co\/repositorio-hoy-en-la-javeriana\/wp-json\/wp\/v2\/posts\/408","targetHints":{"allow":["GET"]}}],"collection":[{"href":"https:\/\/www.javeriana.edu.co\/repositorio-hoy-en-la-javeriana\/wp-json\/wp\/v2\/posts"}],"about":[{"href":"https:\/\/www.javeriana.edu.co\/repositorio-hoy-en-la-javeriana\/wp-json\/wp\/v2\/types\/post"}],"author":[{"embeddable":true,"href":"https:\/\/www.javeriana.edu.co\/repositorio-hoy-en-la-javeriana\/wp-json\/wp\/v2\/users\/1"}],"replies":[{"embeddable":true,"href":"https:\/\/www.javeriana.edu.co\/repositorio-hoy-en-la-javeriana\/wp-json\/wp\/v2\/comments?post=408"}],"version-history":[{"count":0,"href":"https:\/\/www.javeriana.edu.co\/repositorio-hoy-en-la-javeriana\/wp-json\/wp\/v2\/posts\/408\/revisions"}],"wp:featuredmedia":[{"embeddable":true,"href":"https:\/\/www.javeriana.edu.co\/repositorio-hoy-en-la-javeriana\/wp-json\/wp\/v2\/media\/409"}],"wp:attachment":[{"href":"https:\/\/www.javeriana.edu.co\/repositorio-hoy-en-la-javeriana\/wp-json\/wp\/v2\/media?parent=408"}],"wp:term":[{"taxonomy":"category","embeddable":true,"href":"https:\/\/www.javeriana.edu.co\/repositorio-hoy-en-la-javeriana\/wp-json\/wp\/v2\/categories?post=408"},{"taxonomy":"post_tag","embeddable":true,"href":"https:\/\/www.javeriana.edu.co\/repositorio-hoy-en-la-javeriana\/wp-json\/wp\/v2\/tags?post=408"}],"curies":[{"name":"wp","href":"https:\/\/api.w.org\/{rel}","templated":true}]}}