{"id":4138,"date":"1963-05-21T15:53:53","date_gmt":"1963-05-21T20:53:53","guid":{"rendered":"https:\/\/masifica.co\/hoyenlajaveriana\/?p=4138"},"modified":"2019-07-18T15:55:55","modified_gmt":"2019-07-18T20:55:55","slug":"viajo-a-el-paso-texas-el-r-p-borrero","status":"publish","type":"post","link":"https:\/\/www.javeriana.edu.co\/repositorio-hoy-en-la-javeriana\/viajo-a-el-paso-texas-el-r-p-borrero\/","title":{"rendered":"Viaj\u00f3 a \u00abEl Paso Texas\u00bb el R.P. Borrero"},"content":{"rendered":"<p>El s\u00e1bado pr\u00f3ximo pasado viaj\u00f3 a El Paso Texas el R.P. Alfonso Borrero, Decano de Disciplina de la Facultad de Arquitectura, con el fin de asistir, representaci\u00f3n de la Javeriana, a un Seminario de Asuntos Acad\u00e9micos Universitarios, que se verificar\u00e1 del 20 de mayo al 16 de junio. El certamen ha sido patrocinado por el Instituto Interamericano de Texas Western College y la Comisi\u00f3n para Intercambio Educativo. En dicho Seminario estar\u00e1n representadas todas las Universidades colombianas y contar\u00e1, adem\u00e1s, con la asistencia de notables educadores norteamericanos.<\/p>\n","protected":false},"excerpt":{"rendered":"<p>El s\u00e1bado pr\u00f3ximo pasado viaj\u00f3 a El Paso Texas el R.P. Alfonso Borrero, Decano de Disciplina de la Facultad de Arquitectura, con el fin de asistir, representaci\u00f3n de la Javeriana, a un Seminario de Asuntos Acad\u00e9micos Universitarios, que se verificar\u00e1 del 20 de mayo al 16 de junio. El certamen ha sido patrocinado por el Instituto Interamericano de Texas Western College y la Comisi\u00f3n para Intercambio Educativo. En dicho Seminario estar\u00e1n representadas todas las Universidades colombianas y contar\u00e1, adem\u00e1s, con la asistencia de notables educadores norteamericanos.<\/p>\n","protected":false},"author":1,"featured_media":1866,"comment_status":"closed","ping_status":"closed","sticky":false,"template":"","format":"standard","meta":{"footnotes":""},"categories":[39],"tags":[1836,2571,5478,5483,107,5388,5484,5485,5482],"class_list":["post-4138","post","type-post","status-publish","format-standard","has-post-thumbnail","hentry","category-academia","tag-alfonso-borrero","tag-comision-para-intercambio-educativo","tag-edicion-128","tag-el-paso-texas","tag-facultad-de-arquitectura","tag-mayo-1963","tag-seminario-de-asuntos-academicos-universitarios","tag-texas-western-college","tag-viajo-a-el-paso-texas-el-r-p-borrero"],"acf":[],"_links":{"self":[{"href":"https:\/\/www.javeriana.edu.co\/repositorio-hoy-en-la-javeriana\/wp-json\/wp\/v2\/posts\/4138","targetHints":{"allow":["GET"]}}],"collection":[{"href":"https:\/\/www.javeriana.edu.co\/repositorio-hoy-en-la-javeriana\/wp-json\/wp\/v2\/posts"}],"about":[{"href":"https:\/\/www.javeriana.edu.co\/repositorio-hoy-en-la-javeriana\/wp-json\/wp\/v2\/types\/post"}],"author":[{"embeddable":true,"href":"https:\/\/www.javeriana.edu.co\/repositorio-hoy-en-la-javeriana\/wp-json\/wp\/v2\/users\/1"}],"replies":[{"embeddable":true,"href":"https:\/\/www.javeriana.edu.co\/repositorio-hoy-en-la-javeriana\/wp-json\/wp\/v2\/comments?post=4138"}],"version-history":[{"count":0,"href":"https:\/\/www.javeriana.edu.co\/repositorio-hoy-en-la-javeriana\/wp-json\/wp\/v2\/posts\/4138\/revisions"}],"wp:featuredmedia":[{"embeddable":true,"href":"https:\/\/www.javeriana.edu.co\/repositorio-hoy-en-la-javeriana\/wp-json\/wp\/v2\/media\/1866"}],"wp:attachment":[{"href":"https:\/\/www.javeriana.edu.co\/repositorio-hoy-en-la-javeriana\/wp-json\/wp\/v2\/media?parent=4138"}],"wp:term":[{"taxonomy":"category","embeddable":true,"href":"https:\/\/www.javeriana.edu.co\/repositorio-hoy-en-la-javeriana\/wp-json\/wp\/v2\/categories?post=4138"},{"taxonomy":"post_tag","embeddable":true,"href":"https:\/\/www.javeriana.edu.co\/repositorio-hoy-en-la-javeriana\/wp-json\/wp\/v2\/tags?post=4138"}],"curies":[{"name":"wp","href":"https:\/\/api.w.org\/{rel}","templated":true}]}}