{"id":4168,"date":"1963-05-31T17:35:47","date_gmt":"1963-05-31T22:35:47","guid":{"rendered":"https:\/\/masifica.co\/hoyenlajaveriana\/?p=4168"},"modified":"2019-07-18T17:38:42","modified_gmt":"2019-07-18T22:38:42","slug":"asamblea-odontologica","status":"publish","type":"post","link":"https:\/\/www.javeriana.edu.co\/repositorio-hoy-en-la-javeriana\/asamblea-odontologica\/","title":{"rendered":"Asamblea odontol\u00f3gica"},"content":{"rendered":"<p>Ayer 30 de mayo se reuni\u00f3 en Medell\u00edn la Asamblea de Facultades de Odontolog\u00eda de Colombia. En nombre de la Javeriana asistieron los Decanos y los Profesores H\u00e9ctor Cort\u00e9s y Eduardo G\u00f3mez Grau.<\/p>\n<p>Comentarios favorables. El Profesor Jes\u00fas Corral, titular de Radiolog\u00eda de la Escuela Dental de la Universidad de Concepci\u00f3n en Chile, hace grandes elogios del libro RADIODONCIA de los Dres. \u00c1lvaro y Alfonso Delgado, Profesores de la materia en nuestra Facultad de Odontolog\u00eda.<\/p>\n","protected":false},"excerpt":{"rendered":"<p>Ayer 30 de mayo se reuni\u00f3 en Medell\u00edn la Asamblea de Facultades de Odontolog\u00eda de Colombia. En nombre de la Javeriana asistieron los Decanos y los Profesores H\u00e9ctor Cort\u00e9s y Eduardo G\u00f3mez Grau. Comentarios favorables. El Profesor Jes\u00fas Corral, titular de Radiolog\u00eda de la Escuela Dental de la Universidad de Concepci\u00f3n en Chile, hace grandes elogios del libro RADIODONCIA de los Dres. \u00c1lvaro y Alfonso Delgado, Profesores de la materia en nuestra Facultad de Odontolog\u00eda.<\/p>\n","protected":false},"author":1,"featured_media":1866,"comment_status":"closed","ping_status":"closed","sticky":false,"template":"","format":"standard","meta":{"footnotes":""},"categories":[39],"tags":[5547,5546,5540,5539,2565,5523,3509,5543,795,5541,2872,5542,5388,473,5545,4293,5544],"class_list":["post-4168","post","type-post","status-publish","format-standard","has-post-thumbnail","hentry","category-academia","tag-alfonso-delgado","tag-alvaro-delgado","tag-asamblea-de-facultades-de-odontologia-de-colombia","tag-asamblea-odontologica","tag-chile","tag-edicion-130","tag-eduardo-gomez-grau","tag-escuela-dental","tag-facultad-de-odontologia","tag-hector-cortes","tag-javeriana","tag-jesus-corral","tag-mayo-1963","tag-medellin","tag-radiodoncia","tag-radiologia","tag-universidad-de-concepcion"],"acf":[],"_links":{"self":[{"href":"https:\/\/www.javeriana.edu.co\/repositorio-hoy-en-la-javeriana\/wp-json\/wp\/v2\/posts\/4168","targetHints":{"allow":["GET"]}}],"collection":[{"href":"https:\/\/www.javeriana.edu.co\/repositorio-hoy-en-la-javeriana\/wp-json\/wp\/v2\/posts"}],"about":[{"href":"https:\/\/www.javeriana.edu.co\/repositorio-hoy-en-la-javeriana\/wp-json\/wp\/v2\/types\/post"}],"author":[{"embeddable":true,"href":"https:\/\/www.javeriana.edu.co\/repositorio-hoy-en-la-javeriana\/wp-json\/wp\/v2\/users\/1"}],"replies":[{"embeddable":true,"href":"https:\/\/www.javeriana.edu.co\/repositorio-hoy-en-la-javeriana\/wp-json\/wp\/v2\/comments?post=4168"}],"version-history":[{"count":0,"href":"https:\/\/www.javeriana.edu.co\/repositorio-hoy-en-la-javeriana\/wp-json\/wp\/v2\/posts\/4168\/revisions"}],"wp:featuredmedia":[{"embeddable":true,"href":"https:\/\/www.javeriana.edu.co\/repositorio-hoy-en-la-javeriana\/wp-json\/wp\/v2\/media\/1866"}],"wp:attachment":[{"href":"https:\/\/www.javeriana.edu.co\/repositorio-hoy-en-la-javeriana\/wp-json\/wp\/v2\/media?parent=4168"}],"wp:term":[{"taxonomy":"category","embeddable":true,"href":"https:\/\/www.javeriana.edu.co\/repositorio-hoy-en-la-javeriana\/wp-json\/wp\/v2\/categories?post=4168"},{"taxonomy":"post_tag","embeddable":true,"href":"https:\/\/www.javeriana.edu.co\/repositorio-hoy-en-la-javeriana\/wp-json\/wp\/v2\/tags?post=4168"}],"curies":[{"name":"wp","href":"https:\/\/api.w.org\/{rel}","templated":true}]}}