{"id":4287,"date":"1963-07-30T12:30:38","date_gmt":"1963-07-30T17:30:38","guid":{"rendered":"https:\/\/masifica.co\/hoyenlajaveriana\/?p=4287"},"modified":"2019-07-22T12:34:09","modified_gmt":"2019-07-22T17:34:09","slug":"pabellon-ernesto-castellanos-r","status":"publish","type":"post","link":"https:\/\/www.javeriana.edu.co\/repositorio-hoy-en-la-javeriana\/pabellon-ernesto-castellanos-r\/","title":{"rendered":"Pabell\u00f3n \u00abErnesto Castellanos R.\u00bb"},"content":{"rendered":"<p>En el Departamento de Pediatr\u00eda se inaugurar\u00e1 ma\u00f1ana, a las 6 y 30 p.m., el pabell\u00f3n \u00abErnesto Castellanos R.\u00bb, ubicado en el ala sur del tercer piso del Hospital San Ignacio. El nuevo pabell\u00f3n dar\u00e1 al servicio, a partir del 1\u00b0. de agosto pr\u00f3ximo, 68 camas que sumadas a las 45 cunas existentes, arrojar\u00e1 un buen total que permitir\u00e1 atender m\u00e1s holgadamente la demanda de casos. Funcionar\u00e1n all\u00ed las secciones de Medicina Interna, Cirug\u00eda, Ortopedia, Lactantes, Infecto-contagiosas y Reci\u00e9n Nacidos, atendidas por una lujosa n\u00f3mina de profesionales. De esta manera, el Departamento de Pediatr\u00eda quedar\u00e1 en capacidad de atender todo lo concerniente a medicina pedi\u00e1trica. Han contribuido a hacer real esta obra: D. Ernesto Castellanos R., notable benefactor; los Decanos de la Facultad de Medicina; el Director del Hospital, Dr. Carlos D\u00e1vila y, de manera especial, el arquitecto Dr. An\u00edbal Moreno. La direcci\u00f3n del nuevo pabell\u00f3n ser\u00e1 encomendada al Dr. Eduardo Borda Camacho. Asistir\u00e1n a su inauguraci\u00f3n, entre otras personalidades, el Excmo. Sr. Arzobispo de Bogot\u00e1, Emilio de Brigard; Dr. Ernesto Castellanos R., el R.P. Vice-Provincial, S.J., y el Rector y autoridades de la Universidad, y las Madrinas Se\u00f1oras: Mar\u00eda Correa de Aya, Juanita Argaez de Soto, Teresa Pombo de Pardo, Rosita de Santamar\u00eda, Clara Marulanda de Arias, Mar\u00eda Uribe de Marulanda, Luc\u00eda Correa de Echeverry, Helena Torres de Uribe, Gabriela Salariar de Merizalde y Margarita de Ram\u00edrez Johns. Esta secci\u00f3n, de todos modos, constituye un avance notable tendiente a remediar las necesidades de la comunidad. \u00abHoy en la Javeriana\u00bb registra complac\u00eddo la inauguraci\u00f3n de tan provechosa obra.<\/p>\n","protected":false},"excerpt":{"rendered":"<p>En el Departamento de Pediatr\u00eda se inaugurar\u00e1 ma\u00f1ana, a las 6 y 30 p.m., el pabell\u00f3n \u00abErnesto Castellanos R.\u00bb, ubicado en el ala sur del tercer piso del Hospital San Ignacio. El nuevo pabell\u00f3n dar\u00e1 al servicio, a partir del 1\u00b0. de agosto pr\u00f3ximo, 68 camas que sumadas a las 45 cunas existentes, arrojar\u00e1 un buen total que permitir\u00e1 atender m\u00e1s holgadamente la demanda de casos. Funcionar\u00e1n all\u00ed las secciones de Medicina Interna, Cirug\u00eda, Ortopedia, Lactantes, Infecto-contagiosas y Reci\u00e9n Nacidos, atendidas por una lujosa n\u00f3mina de profesionales. De esta manera, el Departamento de Pediatr\u00eda quedar\u00e1 en capacidad de atender todo lo concerniente a medicina pedi\u00e1trica. Han contribuido a hacer real esta obra: D. Ernesto Castellanos R., notable benefactor; los Decanos[&hellip;]<\/p>\n","protected":false},"author":1,"featured_media":1866,"comment_status":"closed","ping_status":"closed","sticky":false,"template":"","format":"standard","meta":{"footnotes":""},"categories":[105],"tags":[5413,2847,843,5260,5753,734,5742,230,5748,5122,97,5757,5756,170,3381,5746,5750,5635,5745,5755,5758,5749,5754,5454,5744,5743,5747,5752,5751],"class_list":["post-4287","post","type-post","status-publish","format-standard","has-post-thumbnail","hentry","category-institucional","tag-anibal-moreno","tag-arzobispo-de-bogota","tag-carlos-davila","tag-cirugia","tag-clara-marulanda-de-arias","tag-departamento-de-pediatria","tag-edicion-140","tag-eduardo-borda-camacho","tag-emilio-de-brigard","tag-ernesto-castellanos-r","tag-facultad-de-medicina","tag-gabriela-salariar-de-merizalde","tag-helena-torres-de-uribe","tag-hospital-san-ignacio","tag-hoy-en-la-javeriana","tag-infecto-contagiosas","tag-juanita-argaez-de-soto","tag-julio-1963","tag-lactantes","tag-lucia-correa-de-echeverry","tag-margarita-de-ramirez-johns","tag-maria-correa-de-aya","tag-maria-uribe-de-marulanda","tag-medicina-interna","tag-ortopedia","tag-pabellon-ernesto-castellanos-r","tag-recien-nacidos","tag-rosita-de-santamaria","tag-teresa-pombo-de-pardo"],"acf":[],"_links":{"self":[{"href":"https:\/\/www.javeriana.edu.co\/repositorio-hoy-en-la-javeriana\/wp-json\/wp\/v2\/posts\/4287","targetHints":{"allow":["GET"]}}],"collection":[{"href":"https:\/\/www.javeriana.edu.co\/repositorio-hoy-en-la-javeriana\/wp-json\/wp\/v2\/posts"}],"about":[{"href":"https:\/\/www.javeriana.edu.co\/repositorio-hoy-en-la-javeriana\/wp-json\/wp\/v2\/types\/post"}],"author":[{"embeddable":true,"href":"https:\/\/www.javeriana.edu.co\/repositorio-hoy-en-la-javeriana\/wp-json\/wp\/v2\/users\/1"}],"replies":[{"embeddable":true,"href":"https:\/\/www.javeriana.edu.co\/repositorio-hoy-en-la-javeriana\/wp-json\/wp\/v2\/comments?post=4287"}],"version-history":[{"count":0,"href":"https:\/\/www.javeriana.edu.co\/repositorio-hoy-en-la-javeriana\/wp-json\/wp\/v2\/posts\/4287\/revisions"}],"wp:featuredmedia":[{"embeddable":true,"href":"https:\/\/www.javeriana.edu.co\/repositorio-hoy-en-la-javeriana\/wp-json\/wp\/v2\/media\/1866"}],"wp:attachment":[{"href":"https:\/\/www.javeriana.edu.co\/repositorio-hoy-en-la-javeriana\/wp-json\/wp\/v2\/media?parent=4287"}],"wp:term":[{"taxonomy":"category","embeddable":true,"href":"https:\/\/www.javeriana.edu.co\/repositorio-hoy-en-la-javeriana\/wp-json\/wp\/v2\/categories?post=4287"},{"taxonomy":"post_tag","embeddable":true,"href":"https:\/\/www.javeriana.edu.co\/repositorio-hoy-en-la-javeriana\/wp-json\/wp\/v2\/tags?post=4287"}],"curies":[{"name":"wp","href":"https:\/\/api.w.org\/{rel}","templated":true}]}}