{"id":4333,"date":"1963-08-20T11:22:07","date_gmt":"1963-08-20T16:22:07","guid":{"rendered":"https:\/\/masifica.co\/hoyenlajaveriana\/?p=4333"},"modified":"2019-07-23T11:25:14","modified_gmt":"2019-07-23T16:25:14","slug":"nueva-donacion","status":"publish","type":"post","link":"https:\/\/www.javeriana.edu.co\/repositorio-hoy-en-la-javeriana\/nueva-donacion\/","title":{"rendered":"Nueva donaci\u00f3n"},"content":{"rendered":"<p>El Sr. D. Julio Ram\u00edrez Johns hizo una donaci\u00f3n de $ 500.000.00 al R.P. Jes\u00fas Emilio Ram\u00edrez. S.J. Rector de la Universidad Javeriana, para que se aplique en el Programa de Desarrollo del 350 aniversario de la Universidad, durante la fiesta de los Profesores, ex-profesores, ex-alumnos y amigos de la Universidad, el pasado s\u00e1bado 17 del presente. El dinero, establecido en una fundaci\u00f3n para los pr\u00f3ximos cinco a\u00f1os, ser\u00e1 usado para afrontar una de las necesidades m\u00e1s urgentes, cual es la del Hospital de San Ignacio. Este Hospital, junto con otras necesidades urgentes como becas, salarios de profesores, las Facultades de Enfermer\u00eda, Nutrici\u00f3n y Diet\u00e9tica, Medicina, la Biblioteca universitaria, el Instituto de Tecnolog\u00eda, el Departamento de Educaci\u00f3n y Humanidades, forman la Fase de las Necesidades Primordiales (1963-1968), dentro del plan de 10 a\u00f1os en total. La finalidad de esta primera Fase es de $ 91,000.000 y con la amable donaci\u00f3n de D. Julio Ram\u00edrez, los resultados son ya de $ 3,033.540.00. Comentando sobre este gesto, el P. Ram\u00edrez dijo: \u00abEste acto maravilloso de D. Julio Ram\u00edrez Johns no es en realidad un regalo de caridad, sino una inversi\u00f3n s\u00f3lida, inversi\u00f3n que se dirige al bien de la juventud, de la educaci\u00f3n universitaria y para el bienestar econ\u00f3mico y social de nuestra Patria\u00bb.<\/p>\n","protected":false},"excerpt":{"rendered":"<p>El Sr. D. Julio Ram\u00edrez Johns hizo una donaci\u00f3n de $ 500.000.00 al R.P. Jes\u00fas Emilio Ram\u00edrez. S.J. Rector de la Universidad Javeriana, para que se aplique en el Programa de Desarrollo del 350 aniversario de la Universidad, durante la fiesta de los Profesores, ex-profesores, ex-alumnos y amigos de la Universidad, el pasado s\u00e1bado 17 del presente. El dinero, establecido en una fundaci\u00f3n para los pr\u00f3ximos cinco a\u00f1os, ser\u00e1 usado para afrontar una de las necesidades m\u00e1s urgentes, cual es la del Hospital de San Ignacio. Este Hospital, junto con otras necesidades urgentes como becas, salarios de profesores, las Facultades de Enfermer\u00eda, Nutrici\u00f3n y Diet\u00e9tica, Medicina, la Biblioteca universitaria, el Instituto de Tecnolog\u00eda, el Departamento de Educaci\u00f3n y Humanidades, forman[&hellip;]<\/p>\n","protected":false},"author":1,"featured_media":1866,"comment_status":"closed","ping_status":"closed","sticky":false,"template":"","format":"standard","meta":{"footnotes":""},"categories":[105],"tags":[5763,5802,5804,5795,5801,158,5803,2827,3956,72,5800,928,2530],"class_list":["post-4333","post","type-post","status-publish","format-standard","has-post-thumbnail","hentry","category-institucional","tag-agosto-1963","tag-biblioteca-universitaria","tag-departamento-de-educacion-y-humanidades","tag-edicion-144","tag-facultades-de-enfermeria","tag-hospital-de-san-ignacio","tag-instituto-de-tecnologia","tag-jesus-emilio-ramirez","tag-julio-ramirez-johns","tag-medicina","tag-nueva-donacion","tag-nutricion-y-dietetica","tag-universidad-javeriana"],"acf":[],"_links":{"self":[{"href":"https:\/\/www.javeriana.edu.co\/repositorio-hoy-en-la-javeriana\/wp-json\/wp\/v2\/posts\/4333","targetHints":{"allow":["GET"]}}],"collection":[{"href":"https:\/\/www.javeriana.edu.co\/repositorio-hoy-en-la-javeriana\/wp-json\/wp\/v2\/posts"}],"about":[{"href":"https:\/\/www.javeriana.edu.co\/repositorio-hoy-en-la-javeriana\/wp-json\/wp\/v2\/types\/post"}],"author":[{"embeddable":true,"href":"https:\/\/www.javeriana.edu.co\/repositorio-hoy-en-la-javeriana\/wp-json\/wp\/v2\/users\/1"}],"replies":[{"embeddable":true,"href":"https:\/\/www.javeriana.edu.co\/repositorio-hoy-en-la-javeriana\/wp-json\/wp\/v2\/comments?post=4333"}],"version-history":[{"count":0,"href":"https:\/\/www.javeriana.edu.co\/repositorio-hoy-en-la-javeriana\/wp-json\/wp\/v2\/posts\/4333\/revisions"}],"wp:featuredmedia":[{"embeddable":true,"href":"https:\/\/www.javeriana.edu.co\/repositorio-hoy-en-la-javeriana\/wp-json\/wp\/v2\/media\/1866"}],"wp:attachment":[{"href":"https:\/\/www.javeriana.edu.co\/repositorio-hoy-en-la-javeriana\/wp-json\/wp\/v2\/media?parent=4333"}],"wp:term":[{"taxonomy":"category","embeddable":true,"href":"https:\/\/www.javeriana.edu.co\/repositorio-hoy-en-la-javeriana\/wp-json\/wp\/v2\/categories?post=4333"},{"taxonomy":"post_tag","embeddable":true,"href":"https:\/\/www.javeriana.edu.co\/repositorio-hoy-en-la-javeriana\/wp-json\/wp\/v2\/tags?post=4333"}],"curies":[{"name":"wp","href":"https:\/\/api.w.org\/{rel}","templated":true}]}}