{"id":4445,"date":"1963-09-17T18:06:13","date_gmt":"1963-09-17T23:06:13","guid":{"rendered":"https:\/\/masifica.co\/hoyenlajaveriana\/?p=4445"},"modified":"2019-07-23T18:09:50","modified_gmt":"2019-07-23T23:09:50","slug":"otro-triunfo-del-grupo-teatral-javeriano","status":"publish","type":"post","link":"https:\/\/www.javeriana.edu.co\/repositorio-hoy-en-la-javeriana\/otro-triunfo-del-grupo-teatral-javeriano\/","title":{"rendered":"Otro triunfo del grupo teatral javeriano"},"content":{"rendered":"<p>El grupo B de Teatro Experimental, dirigido por el estudiante de Derecho Ignacio Barraquer, se adjudic\u00f3 un extraordinario triunfo al presentar, en el Teatro Col\u00f3n, el s\u00e1bado y domingo pasados, la obra del c\u00e9lebre escritor franc\u00e9s Antoine de Saint Exupery: \u00abEl Principito\u00bb. La actuaci\u00f3n del grupo Javeriano se ha granjeado favorables cr\u00edticas por parte de la prensa capitalina, toda vez que se trata de una inquietud puramente estudiantil y acorde con la t\u00e9cnica del teatro moderno.<\/p>\n<p>Alumnos de diversas Facultades colaboran entusiastamente en el grupo teatral, que en todas sus actuaciones ha llevado en alto el nombre de la Universidad. Son ellos: Edith Gerats, Juan Manuel Aparicio, Yolanda Corso, Juan Gabriel Cajiao, Francisco Linero, Casar Martans, Roberto Mart\u00ednez, Cecilia Becerra, An\u00edbal Illueca, Teresa del Castillo y Francisco Ord\u00f3\u00f1ez, quienes han sido muy felicitados.<\/p>\n","protected":false},"excerpt":{"rendered":"<p>El grupo B de Teatro Experimental, dirigido por el estudiante de Derecho Ignacio Barraquer, se adjudic\u00f3 un extraordinario triunfo al presentar, en el Teatro Col\u00f3n, el s\u00e1bado y domingo pasados, la obra del c\u00e9lebre escritor franc\u00e9s Antoine de Saint Exupery: \u00abEl Principito\u00bb. La actuaci\u00f3n del grupo Javeriano se ha granjeado favorables cr\u00edticas por parte de la prensa capitalina, toda vez que se trata de una inquietud puramente estudiantil y acorde con la t\u00e9cnica del teatro moderno. Alumnos de diversas Facultades colaboran entusiastamente en el grupo teatral, que en todas sus actuaciones ha llevado en alto el nombre de la Universidad. Son ellos: Edith Gerats, Juan Manuel Aparicio, Yolanda Corso, Juan Gabriel Cajiao, Francisco Linero, Casar Martans, Roberto Mart\u00ednez, Cecilia Becerra,[&hellip;]<\/p>\n","protected":false},"author":1,"featured_media":1866,"comment_status":"closed","ping_status":"closed","sticky":false,"template":"","format":"standard","meta":{"footnotes":""},"categories":[51],"tags":[5915,5870,5912,5914,126,5906,5909,4106,4923,5418,5911,4328,5907,5913,5855,2848,5908,5916,5910],"class_list":["post-4445","post","type-post","status-publish","format-standard","has-post-thumbnail","hentry","category-cultura","tag-anibal-illueca","tag-antoine-de-saint-exupery","tag-casar-martans","tag-cecilia-becerra","tag-derecho","tag-edicion-153","tag-edith-gerats","tag-francisco-linero","tag-francisco-ordonez","tag-ignacio-barraquer","tag-juan-gabriel-cajiao","tag-juan-manuel-aparicio","tag-otro-triunfo-del-grupo-teatral-javeriano","tag-roberto-martinez","tag-septiembre-1963","tag-teatro-colon","tag-teatro-experimental","tag-teresa-del-castillo","tag-yolanda-corso"],"acf":[],"_links":{"self":[{"href":"https:\/\/www.javeriana.edu.co\/repositorio-hoy-en-la-javeriana\/wp-json\/wp\/v2\/posts\/4445","targetHints":{"allow":["GET"]}}],"collection":[{"href":"https:\/\/www.javeriana.edu.co\/repositorio-hoy-en-la-javeriana\/wp-json\/wp\/v2\/posts"}],"about":[{"href":"https:\/\/www.javeriana.edu.co\/repositorio-hoy-en-la-javeriana\/wp-json\/wp\/v2\/types\/post"}],"author":[{"embeddable":true,"href":"https:\/\/www.javeriana.edu.co\/repositorio-hoy-en-la-javeriana\/wp-json\/wp\/v2\/users\/1"}],"replies":[{"embeddable":true,"href":"https:\/\/www.javeriana.edu.co\/repositorio-hoy-en-la-javeriana\/wp-json\/wp\/v2\/comments?post=4445"}],"version-history":[{"count":0,"href":"https:\/\/www.javeriana.edu.co\/repositorio-hoy-en-la-javeriana\/wp-json\/wp\/v2\/posts\/4445\/revisions"}],"wp:featuredmedia":[{"embeddable":true,"href":"https:\/\/www.javeriana.edu.co\/repositorio-hoy-en-la-javeriana\/wp-json\/wp\/v2\/media\/1866"}],"wp:attachment":[{"href":"https:\/\/www.javeriana.edu.co\/repositorio-hoy-en-la-javeriana\/wp-json\/wp\/v2\/media?parent=4445"}],"wp:term":[{"taxonomy":"category","embeddable":true,"href":"https:\/\/www.javeriana.edu.co\/repositorio-hoy-en-la-javeriana\/wp-json\/wp\/v2\/categories?post=4445"},{"taxonomy":"post_tag","embeddable":true,"href":"https:\/\/www.javeriana.edu.co\/repositorio-hoy-en-la-javeriana\/wp-json\/wp\/v2\/tags?post=4445"}],"curies":[{"name":"wp","href":"https:\/\/api.w.org\/{rel}","templated":true}]}}