{"id":4448,"date":"1963-09-17T18:13:30","date_gmt":"1963-09-17T23:13:30","guid":{"rendered":"https:\/\/masifica.co\/hoyenlajaveriana\/?p=4448"},"modified":"2019-07-23T18:16:01","modified_gmt":"2019-07-23T23:16:01","slug":"viajan-a-medellin","status":"publish","type":"post","link":"https:\/\/www.javeriana.edu.co\/repositorio-hoy-en-la-javeriana\/viajan-a-medellin\/","title":{"rendered":"Viajan a medell\u00edn"},"content":{"rendered":"<p>El domingo 15, las alumnas de \u00faltimo a\u00f1o de la Escuela de Enfermer\u00eda viajaron a Medell\u00edn, con el objeto de hacer una pr\u00e1ctica de Siquiatr\u00eda en el Hospital Mental de esa ciudad. Las alumnas viajaron acompa\u00f1adas de la Sub-Directora Se\u00f1orita Luc\u00eda Villamizar y de la Instructora Se\u00f1ora In\u00e9s Triana de Bothe. Les deseamos muchos \u00e9xitos en este viaje de estudios. Felicitamos, tambi\u00e9n, a las alumnas de segundo a\u00f1o, quienes comienzan esta semana una pr\u00e1ctica de observaci\u00f3n en la Cl\u00ednica San Pedro Claver de esta ciudad. Las alumnas estar\u00e1n supervisadas por las Instructoras Sra. Betty Barrios de Mart\u00ednez y Lely \u00c1lvarez de Espitia.<\/p>\n","protected":false},"excerpt":{"rendered":"<p>El domingo 15, las alumnas de \u00faltimo a\u00f1o de la Escuela de Enfermer\u00eda viajaron a Medell\u00edn, con el objeto de hacer una pr\u00e1ctica de Siquiatr\u00eda en el Hospital Mental de esa ciudad. Las alumnas viajaron acompa\u00f1adas de la Sub-Directora Se\u00f1orita Luc\u00eda Villamizar y de la Instructora Se\u00f1ora In\u00e9s Triana de Bothe. Les deseamos muchos \u00e9xitos en este viaje de estudios. Felicitamos, tambi\u00e9n, a las alumnas de segundo a\u00f1o, quienes comienzan esta semana una pr\u00e1ctica de observaci\u00f3n en la Cl\u00ednica San Pedro Claver de esta ciudad. Las alumnas estar\u00e1n supervisadas por las Instructoras Sra. Betty Barrios de Mart\u00ednez y Lely \u00c1lvarez de Espitia.<\/p>\n","protected":false},"author":1,"featured_media":1866,"comment_status":"closed","ping_status":"closed","sticky":false,"template":"","format":"standard","meta":{"footnotes":""},"categories":[105],"tags":[5926,5925,5906,3589,5924,647,5927,4400,473,5855,5923,5922],"class_list":["post-4448","post","type-post","status-publish","format-standard","has-post-thumbnail","hentry","category-institucional","tag-betty-barrios-de-martinez","tag-clinica-san-pedro-claver","tag-edicion-153","tag-escuela-de-enfermeria","tag-hospital-mental","tag-ines-triana-de-bothe","tag-lely-alvarez-de-espitia","tag-lucia-villamizar","tag-medellin","tag-septiembre-1963","tag-siquiatria","tag-viajan-a-medellin"],"acf":[],"_links":{"self":[{"href":"https:\/\/www.javeriana.edu.co\/repositorio-hoy-en-la-javeriana\/wp-json\/wp\/v2\/posts\/4448","targetHints":{"allow":["GET"]}}],"collection":[{"href":"https:\/\/www.javeriana.edu.co\/repositorio-hoy-en-la-javeriana\/wp-json\/wp\/v2\/posts"}],"about":[{"href":"https:\/\/www.javeriana.edu.co\/repositorio-hoy-en-la-javeriana\/wp-json\/wp\/v2\/types\/post"}],"author":[{"embeddable":true,"href":"https:\/\/www.javeriana.edu.co\/repositorio-hoy-en-la-javeriana\/wp-json\/wp\/v2\/users\/1"}],"replies":[{"embeddable":true,"href":"https:\/\/www.javeriana.edu.co\/repositorio-hoy-en-la-javeriana\/wp-json\/wp\/v2\/comments?post=4448"}],"version-history":[{"count":0,"href":"https:\/\/www.javeriana.edu.co\/repositorio-hoy-en-la-javeriana\/wp-json\/wp\/v2\/posts\/4448\/revisions"}],"wp:featuredmedia":[{"embeddable":true,"href":"https:\/\/www.javeriana.edu.co\/repositorio-hoy-en-la-javeriana\/wp-json\/wp\/v2\/media\/1866"}],"wp:attachment":[{"href":"https:\/\/www.javeriana.edu.co\/repositorio-hoy-en-la-javeriana\/wp-json\/wp\/v2\/media?parent=4448"}],"wp:term":[{"taxonomy":"category","embeddable":true,"href":"https:\/\/www.javeriana.edu.co\/repositorio-hoy-en-la-javeriana\/wp-json\/wp\/v2\/categories?post=4448"},{"taxonomy":"post_tag","embeddable":true,"href":"https:\/\/www.javeriana.edu.co\/repositorio-hoy-en-la-javeriana\/wp-json\/wp\/v2\/tags?post=4448"}],"curies":[{"name":"wp","href":"https:\/\/api.w.org\/{rel}","templated":true}]}}