{"id":4502,"date":"1963-10-01T08:47:43","date_gmt":"1963-10-01T13:47:43","guid":{"rendered":"https:\/\/masifica.co\/hoyenlajaveriana\/?p=4502"},"modified":"2019-07-25T08:48:52","modified_gmt":"2019-07-25T13:48:52","slug":"curso-sobre-calculo-matricial","status":"publish","type":"post","link":"https:\/\/www.javeriana.edu.co\/repositorio-hoy-en-la-javeriana\/curso-sobre-calculo-matricial\/","title":{"rendered":"Curso sobre \u00abcalculo matricial\u00bb"},"content":{"rendered":"<p>En la Facultad de Ingenier\u00eda Civil se est\u00e1 dictando un Curso para post-graduados, profesores y algunos alumnos, sobre \u00abCALCULO MATRICIAL\u00bb. El Curso tendr\u00e1 una duraci\u00f3n de dos meses, y lo dicta el Profesor titular de Matem\u00e1ticas de la misma Facultad, Alberto Schotborg.<\/p>\n","protected":false},"excerpt":{"rendered":"<p>En la Facultad de Ingenier\u00eda Civil se est\u00e1 dictando un Curso para post-graduados, profesores y algunos alumnos, sobre \u00abCALCULO MATRICIAL\u00bb. El Curso tendr\u00e1 una duraci\u00f3n de dos meses, y lo dicta el Profesor titular de Matem\u00e1ticas de la misma Facultad, Alberto Schotborg.<\/p>\n","protected":false},"author":1,"featured_media":1866,"comment_status":"closed","ping_status":"closed","sticky":false,"template":"","format":"standard","meta":{"footnotes":""},"categories":[39],"tags":[5797,6011,6010,5998,4068,5892,6001],"class_list":["post-4502","post","type-post","status-publish","format-standard","has-post-thumbnail","hentry","category-academia","tag-alberto-schotborg","tag-calculo-matricial","tag-curso-sobre-calculo-matricial","tag-edicion-157","tag-facultad-de-ingenieria-civil","tag-matematicas","tag-octubre-1963"],"acf":[],"_links":{"self":[{"href":"https:\/\/www.javeriana.edu.co\/repositorio-hoy-en-la-javeriana\/wp-json\/wp\/v2\/posts\/4502","targetHints":{"allow":["GET"]}}],"collection":[{"href":"https:\/\/www.javeriana.edu.co\/repositorio-hoy-en-la-javeriana\/wp-json\/wp\/v2\/posts"}],"about":[{"href":"https:\/\/www.javeriana.edu.co\/repositorio-hoy-en-la-javeriana\/wp-json\/wp\/v2\/types\/post"}],"author":[{"embeddable":true,"href":"https:\/\/www.javeriana.edu.co\/repositorio-hoy-en-la-javeriana\/wp-json\/wp\/v2\/users\/1"}],"replies":[{"embeddable":true,"href":"https:\/\/www.javeriana.edu.co\/repositorio-hoy-en-la-javeriana\/wp-json\/wp\/v2\/comments?post=4502"}],"version-history":[{"count":0,"href":"https:\/\/www.javeriana.edu.co\/repositorio-hoy-en-la-javeriana\/wp-json\/wp\/v2\/posts\/4502\/revisions"}],"wp:featuredmedia":[{"embeddable":true,"href":"https:\/\/www.javeriana.edu.co\/repositorio-hoy-en-la-javeriana\/wp-json\/wp\/v2\/media\/1866"}],"wp:attachment":[{"href":"https:\/\/www.javeriana.edu.co\/repositorio-hoy-en-la-javeriana\/wp-json\/wp\/v2\/media?parent=4502"}],"wp:term":[{"taxonomy":"category","embeddable":true,"href":"https:\/\/www.javeriana.edu.co\/repositorio-hoy-en-la-javeriana\/wp-json\/wp\/v2\/categories?post=4502"},{"taxonomy":"post_tag","embeddable":true,"href":"https:\/\/www.javeriana.edu.co\/repositorio-hoy-en-la-javeriana\/wp-json\/wp\/v2\/tags?post=4502"}],"curies":[{"name":"wp","href":"https:\/\/api.w.org\/{rel}","templated":true}]}}