{"id":4542,"date":"1963-10-11T17:56:08","date_gmt":"1963-10-11T22:56:08","guid":{"rendered":"https:\/\/masifica.co\/hoyenlajaveriana\/?p=4542"},"modified":"2019-08-01T17:58:04","modified_gmt":"2019-08-01T22:58:04","slug":"curso-super-intensivo-de-espanol","status":"publish","type":"post","link":"https:\/\/www.javeriana.edu.co\/repositorio-hoy-en-la-javeriana\/curso-super-intensivo-de-espanol\/","title":{"rendered":"Curso super-intensivo de espa\u00f1ol"},"content":{"rendered":"<p>A partir del lunes pr\u00f3ximo, se dictar\u00e1 en el Departamento de Idiomas un curso super-intensivo de Espa\u00f1ol, para extranjeros, cuya coordinaci\u00f3n estar\u00e1 a cargo del Profesor A. Kattah. Hasta el presente, se han inscrito 17 personas que, estudiaren ocho horas diarias el Espa\u00f1ol, en un lapso de tres meses.<\/p>\n","protected":false},"excerpt":{"rendered":"<p>A partir del lunes pr\u00f3ximo, se dictar\u00e1 en el Departamento de Idiomas un curso super-intensivo de Espa\u00f1ol, para extranjeros, cuya coordinaci\u00f3n estar\u00e1 a cargo del Profesor A. Kattah. Hasta el presente, se han inscrito 17 personas que, estudiaren ocho horas diarias el Espa\u00f1ol, en un lapso de tres meses.<\/p>\n","protected":false},"author":1,"featured_media":1866,"comment_status":"closed","ping_status":"closed","sticky":false,"template":"","format":"standard","meta":{"footnotes":""},"categories":[39],"tags":[6062,3608,6048,4716,6001,6063],"class_list":["post-4542","post","type-post","status-publish","format-standard","has-post-thumbnail","hentry","category-academia","tag-curso-super-intensivo-de-espanol","tag-departamento-de-idiomas","tag-edicion-160","tag-espanol","tag-octubre-1963","tag-profesor-a-kattah"],"acf":[],"_links":{"self":[{"href":"https:\/\/www.javeriana.edu.co\/repositorio-hoy-en-la-javeriana\/wp-json\/wp\/v2\/posts\/4542","targetHints":{"allow":["GET"]}}],"collection":[{"href":"https:\/\/www.javeriana.edu.co\/repositorio-hoy-en-la-javeriana\/wp-json\/wp\/v2\/posts"}],"about":[{"href":"https:\/\/www.javeriana.edu.co\/repositorio-hoy-en-la-javeriana\/wp-json\/wp\/v2\/types\/post"}],"author":[{"embeddable":true,"href":"https:\/\/www.javeriana.edu.co\/repositorio-hoy-en-la-javeriana\/wp-json\/wp\/v2\/users\/1"}],"replies":[{"embeddable":true,"href":"https:\/\/www.javeriana.edu.co\/repositorio-hoy-en-la-javeriana\/wp-json\/wp\/v2\/comments?post=4542"}],"version-history":[{"count":0,"href":"https:\/\/www.javeriana.edu.co\/repositorio-hoy-en-la-javeriana\/wp-json\/wp\/v2\/posts\/4542\/revisions"}],"wp:featuredmedia":[{"embeddable":true,"href":"https:\/\/www.javeriana.edu.co\/repositorio-hoy-en-la-javeriana\/wp-json\/wp\/v2\/media\/1866"}],"wp:attachment":[{"href":"https:\/\/www.javeriana.edu.co\/repositorio-hoy-en-la-javeriana\/wp-json\/wp\/v2\/media?parent=4542"}],"wp:term":[{"taxonomy":"category","embeddable":true,"href":"https:\/\/www.javeriana.edu.co\/repositorio-hoy-en-la-javeriana\/wp-json\/wp\/v2\/categories?post=4542"},{"taxonomy":"post_tag","embeddable":true,"href":"https:\/\/www.javeriana.edu.co\/repositorio-hoy-en-la-javeriana\/wp-json\/wp\/v2\/tags?post=4542"}],"curies":[{"name":"wp","href":"https:\/\/api.w.org\/{rel}","templated":true}]}}