{"id":4568,"date":"1963-10-15T18:17:08","date_gmt":"1963-10-15T23:17:08","guid":{"rendered":"https:\/\/masifica.co\/hoyenlajaveriana\/?p=4568"},"modified":"2019-08-01T18:21:03","modified_gmt":"2019-08-01T23:21:03","slug":"la-mayor-tanda-de-profesionales-entrega-la-javeriana-en-el-63","status":"publish","type":"post","link":"https:\/\/www.javeriana.edu.co\/repositorio-hoy-en-la-javeriana\/la-mayor-tanda-de-profesionales-entrega-la-javeriana-en-el-63\/","title":{"rendered":"La mayor tanda de profesionales entrega la javeriana en el 63"},"content":{"rendered":"<p>Quinientos ochenta y dos estudiantes terminan sus estudios profesionales en la Universidad Javeriana este a\u00f1o, formando el n\u00famero m\u00e1s alto de egresados anuales en toda la historia de la Universidad. Estos, con sus mentes sabiamente preparadas y dirigidas, van a prestar al pueblo colombiano un beneficio incalculable. De aquel n\u00famero, 19 son de Arquitectura, 56 de Arte y Decoraci\u00f3n, 34 de Capacitaci\u00f3n Laboral (Construcci\u00f3n y Topograf\u00eda), 14 de Ciencias Sociales, 8 de Derecho Can\u00f3nico, 62 de Derecho, 32 de Econom\u00eda, 20 de Enfermer\u00eda, 34 de Filosof\u00eda Eclesi\u00e1stica, 27 de Filosof\u00eda y Letras, 41 de Ingenier\u00eda Civil, 12 de Ingenier\u00eda Electr\u00f3nica, 79 de Medicina, 27 de Odontolog\u00eda, 17 de Periodismo, 34 de Relaciones Industriales, 38 de Secretariado Biling\u00fce y 27 de Teolog\u00eda. De las Facultades de Nutrici\u00f3n y Diet\u00e9tica, Ciencias de la Educaci\u00f3n y Bacteriolog\u00eda, no saldr\u00e1n profesionales este a\u00f1o, ya que fueron prolongados por un a\u00f1o m\u00e1s los programas de estudios respectivos.<\/p>\n","protected":false},"excerpt":{"rendered":"<p>Quinientos ochenta y dos estudiantes terminan sus estudios profesionales en la Universidad Javeriana este a\u00f1o, formando el n\u00famero m\u00e1s alto de egresados anuales en toda la historia de la Universidad. Estos, con sus mentes sabiamente preparadas y dirigidas, van a prestar al pueblo colombiano un beneficio incalculable. De aquel n\u00famero, 19 son de Arquitectura, 56 de Arte y Decoraci\u00f3n, 34 de Capacitaci\u00f3n Laboral (Construcci\u00f3n y Topograf\u00eda), 14 de Ciencias Sociales, 8 de Derecho Can\u00f3nico, 62 de Derecho, 32 de Econom\u00eda, 20 de Enfermer\u00eda, 34 de Filosof\u00eda Eclesi\u00e1stica, 27 de Filosof\u00eda y Letras, 41 de Ingenier\u00eda Civil, 12 de Ingenier\u00eda Electr\u00f3nica, 79 de Medicina, 27 de Odontolog\u00eda, 17 de Periodismo, 34 de Relaciones Industriales, 38 de Secretariado Biling\u00fce y 27 de[&hellip;]<\/p>\n","protected":false},"author":1,"featured_media":1866,"comment_status":"closed","ping_status":"closed","sticky":false,"template":"","format":"standard","meta":{"footnotes":""},"categories":[39,16],"tags":[116,77,76,118,5232,1498,6072,126,74,926,6070,79,6073,69,283,374,6071,72,928,6001,115,75,80,4175,167,2530],"class_list":["post-4568","post","type-post","status-publish","format-standard","has-post-thumbnail","hentry","category-academia","category-investigacion","tag-arquitectura","tag-arte-y-decoracion","tag-bacteriologia","tag-capacitacion-laboral","tag-ciencias-de-la-educacion","tag-ciencias-sociales","tag-construccion-y-topografia","tag-derecho","tag-derecho-canonico","tag-economia","tag-edicion-161","tag-enfermeria","tag-filosofia-eclesiastica","tag-filosofia-y-letras","tag-ingenieria-civil","tag-ingenieria-electronica","tag-la-mayor-tanda-de-profesionales-entrega-la-javeriana-en-el-63","tag-medicina","tag-nutricion-y-dietetica","tag-octubre-1963","tag-odontologia","tag-periodismo","tag-relaciones-industriales","tag-secretariado-bilingue","tag-teologia","tag-universidad-javeriana"],"acf":[],"_links":{"self":[{"href":"https:\/\/www.javeriana.edu.co\/repositorio-hoy-en-la-javeriana\/wp-json\/wp\/v2\/posts\/4568","targetHints":{"allow":["GET"]}}],"collection":[{"href":"https:\/\/www.javeriana.edu.co\/repositorio-hoy-en-la-javeriana\/wp-json\/wp\/v2\/posts"}],"about":[{"href":"https:\/\/www.javeriana.edu.co\/repositorio-hoy-en-la-javeriana\/wp-json\/wp\/v2\/types\/post"}],"author":[{"embeddable":true,"href":"https:\/\/www.javeriana.edu.co\/repositorio-hoy-en-la-javeriana\/wp-json\/wp\/v2\/users\/1"}],"replies":[{"embeddable":true,"href":"https:\/\/www.javeriana.edu.co\/repositorio-hoy-en-la-javeriana\/wp-json\/wp\/v2\/comments?post=4568"}],"version-history":[{"count":0,"href":"https:\/\/www.javeriana.edu.co\/repositorio-hoy-en-la-javeriana\/wp-json\/wp\/v2\/posts\/4568\/revisions"}],"wp:featuredmedia":[{"embeddable":true,"href":"https:\/\/www.javeriana.edu.co\/repositorio-hoy-en-la-javeriana\/wp-json\/wp\/v2\/media\/1866"}],"wp:attachment":[{"href":"https:\/\/www.javeriana.edu.co\/repositorio-hoy-en-la-javeriana\/wp-json\/wp\/v2\/media?parent=4568"}],"wp:term":[{"taxonomy":"category","embeddable":true,"href":"https:\/\/www.javeriana.edu.co\/repositorio-hoy-en-la-javeriana\/wp-json\/wp\/v2\/categories?post=4568"},{"taxonomy":"post_tag","embeddable":true,"href":"https:\/\/www.javeriana.edu.co\/repositorio-hoy-en-la-javeriana\/wp-json\/wp\/v2\/tags?post=4568"}],"curies":[{"name":"wp","href":"https:\/\/api.w.org\/{rel}","templated":true}]}}