{"id":4603,"date":"1963-10-25T10:18:01","date_gmt":"1963-10-25T15:18:01","guid":{"rendered":"https:\/\/masifica.co\/hoyenlajaveriana\/?p=4603"},"modified":"2019-08-06T10:21:59","modified_gmt":"2019-08-06T15:21:59","slug":"programa-para-el-ii-congreso-de-abogados-javerianos","status":"publish","type":"post","link":"https:\/\/www.javeriana.edu.co\/repositorio-hoy-en-la-javeriana\/programa-para-el-ii-congreso-de-abogados-javerianos\/","title":{"rendered":"Programa para el II Congreso de Abogados Javerianos"},"content":{"rendered":"<p>En lujosas tarjetas, acaba de aparecer el programa que se desarrollar\u00e1 en el II CONGRESO DE ABOGADOS JAVERIANOS, cuya sede ser\u00e1 la ciudad de Barranquilla, en los d\u00edas del 31 de octubre al 3 de noviembre. El d\u00eda jueves 31, se verificar\u00e1 la sesi\u00f3n solemne de instalaci\u00f3n del II Congreso Nacional de Abogados en el sal\u00f3n Magdalena del Hotel \u00abEl Prado\u00bb. Llevar\u00e1n la palabra el Dr. Pr\u00f3spero Carbonell, quien dar\u00e1 la bienvenida, y el R.P. Rector Jes\u00fas Emilio Ram\u00edrez, quien se referir\u00e1 a LA UNIVERSIDAD JAVERIANA Y LA CULTURA PATRIA. Habr\u00e1, igualmente, elecci\u00f3n: de la Mesa Directiva del Congreso. El viernes, a la 1 p.m., se ofrecer\u00e1 un almuerzo en honor del R.P. Gabriel Giraldo, S.J., con motivo de cumplir 16 a\u00f1os como Decano de la Facultad de Ciencias Econ\u00f3micas y Jur\u00eddicas, en el Club Barranquilla. El domingo 3 habr\u00e1 Misa de Acci\u00f3n de Gracias. A las 8 p.m., Banquete de despedida; creaci\u00f3n del Colegio de Abogados Javerianos y palabras de despedida del R.P. Eduardo Ram\u00edrez, S.J. Provincial de la Compa\u00f1\u00eda de Jes\u00fas. Durante todos los d\u00edas, habr\u00e1 sesiones ordinarias, en las cuales se tratar\u00e1n los temarios acordados y que ya dimos a conocer.<\/p>\n","protected":false},"excerpt":{"rendered":"<p>En lujosas tarjetas, acaba de aparecer el programa que se desarrollar\u00e1 en el II CONGRESO DE ABOGADOS JAVERIANOS, cuya sede ser\u00e1 la ciudad de Barranquilla, en los d\u00edas del 31 de octubre al 3 de noviembre. El d\u00eda jueves 31, se verificar\u00e1 la sesi\u00f3n solemne de instalaci\u00f3n del II Congreso Nacional de Abogados en el sal\u00f3n Magdalena del Hotel \u00abEl Prado\u00bb. Llevar\u00e1n la palabra el Dr. Pr\u00f3spero Carbonell, quien dar\u00e1 la bienvenida, y el R.P. Rector Jes\u00fas Emilio Ram\u00edrez, quien se referir\u00e1 a LA UNIVERSIDAD JAVERIANA Y LA CULTURA PATRIA. Habr\u00e1, igualmente, elecci\u00f3n: de la Mesa Directiva del Congreso. El viernes, a la 1 p.m., se ofrecer\u00e1 un almuerzo en honor del R.P. Gabriel Giraldo, S.J., con motivo de cumplir[&hellip;]<\/p>\n","protected":false},"author":1,"featured_media":1866,"comment_status":"closed","ping_status":"closed","sticky":false,"template":"","format":"standard","meta":{"footnotes":""},"categories":[39],"tags":[474,6105,779,268,6100,4018,3619,143,6103,6102,2827,6001,6101,6104,2530],"class_list":["post-4603","post","type-post","status-publish","format-standard","has-post-thumbnail","hentry","category-academia","tag-barranquilla","tag-club-barranquilla","tag-colegio-de-abogados-javerianos","tag-compania-de-jesus","tag-edicion-164","tag-eduardo-ramirez","tag-facultad-de-ciencias-economicas-y-juridicas","tag-gabriel-giraldo","tag-hotel-el-prado","tag-ii-congreso-de-abogados-javerianos","tag-jesus-emilio-ramirez","tag-octubre-1963","tag-programa-para-el-ii-congreso-de-abogados-javerianos","tag-prospero-carbonell","tag-universidad-javeriana"],"acf":[],"_links":{"self":[{"href":"https:\/\/www.javeriana.edu.co\/repositorio-hoy-en-la-javeriana\/wp-json\/wp\/v2\/posts\/4603","targetHints":{"allow":["GET"]}}],"collection":[{"href":"https:\/\/www.javeriana.edu.co\/repositorio-hoy-en-la-javeriana\/wp-json\/wp\/v2\/posts"}],"about":[{"href":"https:\/\/www.javeriana.edu.co\/repositorio-hoy-en-la-javeriana\/wp-json\/wp\/v2\/types\/post"}],"author":[{"embeddable":true,"href":"https:\/\/www.javeriana.edu.co\/repositorio-hoy-en-la-javeriana\/wp-json\/wp\/v2\/users\/1"}],"replies":[{"embeddable":true,"href":"https:\/\/www.javeriana.edu.co\/repositorio-hoy-en-la-javeriana\/wp-json\/wp\/v2\/comments?post=4603"}],"version-history":[{"count":0,"href":"https:\/\/www.javeriana.edu.co\/repositorio-hoy-en-la-javeriana\/wp-json\/wp\/v2\/posts\/4603\/revisions"}],"wp:featuredmedia":[{"embeddable":true,"href":"https:\/\/www.javeriana.edu.co\/repositorio-hoy-en-la-javeriana\/wp-json\/wp\/v2\/media\/1866"}],"wp:attachment":[{"href":"https:\/\/www.javeriana.edu.co\/repositorio-hoy-en-la-javeriana\/wp-json\/wp\/v2\/media?parent=4603"}],"wp:term":[{"taxonomy":"category","embeddable":true,"href":"https:\/\/www.javeriana.edu.co\/repositorio-hoy-en-la-javeriana\/wp-json\/wp\/v2\/categories?post=4603"},{"taxonomy":"post_tag","embeddable":true,"href":"https:\/\/www.javeriana.edu.co\/repositorio-hoy-en-la-javeriana\/wp-json\/wp\/v2\/tags?post=4603"}],"curies":[{"name":"wp","href":"https:\/\/api.w.org\/{rel}","templated":true}]}}