{"id":4716,"date":"1964-02-21T14:26:25","date_gmt":"1964-02-21T19:26:25","guid":{"rendered":"https:\/\/masifica.co\/hoyenlajaveriana\/?p=4716"},"modified":"2019-08-08T14:34:56","modified_gmt":"2019-08-08T19:34:56","slug":"representante-de-la-javeriana-en-lima","status":"publish","type":"post","link":"https:\/\/www.javeriana.edu.co\/repositorio-hoy-en-la-javeriana\/representante-de-la-javeriana-en-lima\/","title":{"rendered":"Representante de la Javeriana en Lima"},"content":{"rendered":"<p>Del 24 al 27 de Febrero tendr\u00e1 lugar, en Lima, una conferencia sobre espectroscop\u00eda nuclear y f\u00edsica del estado s\u00f3lido, preparada por la Organizaci\u00f3n de Universidades Cat\u00f3licas de Am\u00e9rica Latina y la Universidad de Puerto Rico, por medio de su centro nuclear. Llevar\u00e1 la representaci\u00f3n de la Universidad Javeriana el R.P. Wladimiro Escobar, S.J., Decano de Disciplina de la Facultad de Ingenier\u00eda Electr\u00f3nica, con varias ponencias de profesores, entre ellos el Sr. J. Fitzpatrick.<\/p>\n","protected":false},"excerpt":{"rendered":"<p>Del 24 al 27 de Febrero tendr\u00e1 lugar, en Lima, una conferencia sobre espectroscop\u00eda nuclear y f\u00edsica del estado s\u00f3lido, preparada por la Organizaci\u00f3n de Universidades Cat\u00f3licas de Am\u00e9rica Latina y la Universidad de Puerto Rico, por medio de su centro nuclear. Llevar\u00e1 la representaci\u00f3n de la Universidad Javeriana el R.P. Wladimiro Escobar, S.J., Decano de Disciplina de la Facultad de Ingenier\u00eda Electr\u00f3nica, con varias ponencias de profesores, entre ellos el Sr. J. Fitzpatrick.<\/p>\n","protected":false},"author":1,"featured_media":1866,"comment_status":"closed","ping_status":"closed","sticky":false,"template":"","format":"standard","meta":{"footnotes":""},"categories":[39],"tags":[6277,2574,4196,6287,2784,6286,5409,6285,2530,2400],"class_list":["post-4716","post","type-post","status-publish","format-standard","has-post-thumbnail","hentry","category-academia","tag-edicion-170","tag-facultad-de-ingenieria-electronica","tag-febrero-1964","tag-j-fitzpatrick","tag-lima","tag-organizacion-de-universidades-catolicas-de-america-latina","tag-puerto-rico","tag-representante-de-la-javeriana-en-lima","tag-universidad-javeriana","tag-wladimiro-escobar"],"acf":[],"_links":{"self":[{"href":"https:\/\/www.javeriana.edu.co\/repositorio-hoy-en-la-javeriana\/wp-json\/wp\/v2\/posts\/4716","targetHints":{"allow":["GET"]}}],"collection":[{"href":"https:\/\/www.javeriana.edu.co\/repositorio-hoy-en-la-javeriana\/wp-json\/wp\/v2\/posts"}],"about":[{"href":"https:\/\/www.javeriana.edu.co\/repositorio-hoy-en-la-javeriana\/wp-json\/wp\/v2\/types\/post"}],"author":[{"embeddable":true,"href":"https:\/\/www.javeriana.edu.co\/repositorio-hoy-en-la-javeriana\/wp-json\/wp\/v2\/users\/1"}],"replies":[{"embeddable":true,"href":"https:\/\/www.javeriana.edu.co\/repositorio-hoy-en-la-javeriana\/wp-json\/wp\/v2\/comments?post=4716"}],"version-history":[{"count":0,"href":"https:\/\/www.javeriana.edu.co\/repositorio-hoy-en-la-javeriana\/wp-json\/wp\/v2\/posts\/4716\/revisions"}],"wp:featuredmedia":[{"embeddable":true,"href":"https:\/\/www.javeriana.edu.co\/repositorio-hoy-en-la-javeriana\/wp-json\/wp\/v2\/media\/1866"}],"wp:attachment":[{"href":"https:\/\/www.javeriana.edu.co\/repositorio-hoy-en-la-javeriana\/wp-json\/wp\/v2\/media?parent=4716"}],"wp:term":[{"taxonomy":"category","embeddable":true,"href":"https:\/\/www.javeriana.edu.co\/repositorio-hoy-en-la-javeriana\/wp-json\/wp\/v2\/categories?post=4716"},{"taxonomy":"post_tag","embeddable":true,"href":"https:\/\/www.javeriana.edu.co\/repositorio-hoy-en-la-javeriana\/wp-json\/wp\/v2\/tags?post=4716"}],"curies":[{"name":"wp","href":"https:\/\/api.w.org\/{rel}","templated":true}]}}