{"id":4729,"date":"1964-02-25T16:29:00","date_gmt":"1964-02-25T21:29:00","guid":{"rendered":"https:\/\/masifica.co\/hoyenlajaveriana\/?p=4729"},"modified":"2019-08-08T16:32:44","modified_gmt":"2019-08-08T21:32:44","slug":"ejercicios-espirituales-para-los-javerianos","status":"publish","type":"post","link":"https:\/\/www.javeriana.edu.co\/repositorio-hoy-en-la-javeriana\/ejercicios-espirituales-para-los-javerianos\/","title":{"rendered":"Ejercicios espirituales para los javerianos"},"content":{"rendered":"<p>Como preparaci\u00f3n a la Semana Santa, y en cumplimiento de las normas reglamentarias de la Universidad, los javerianos de ambos sexos cumplir\u00e1n su per\u00edodo de ejercicios espirituales, durante los d\u00edas 26, 27 y 28 de febrero, con la siguiente organizaci\u00f3n:<\/p>\n<p><u>Para varones:<\/u><\/p>\n<p>1) Medicina, Odontolog\u00eda: Colegio de S. Bartolom\u00e9 La Merced. R.P. Eduardo Arcusa.<br \/>\n2) Derecho, Ingenier\u00eda Civil: Iglesia de Santa Teresita. R.P. Eduardo Brice\u00f1o, S.J.<br \/>\n3) Arquitectura, Ingenier\u00eda Electr\u00f3nica, Ciencias Sociales , Econom\u00eda, Filosof\u00eda y Letras, Derecho Can\u00f3nico y Periodismo: Sal\u00f3n de Actos de las Facultades Femeninas. R.P. Alfonso Borrero, S.J.<br \/>\n4) Ciencias de la Educaci\u00f3n: Sal\u00f3n de grados de las Facultades Civiles, 1er. piso. R.P. J. Rafael Arboleda, S.J.<\/p>\n<p><u>Para Se\u00f1oritas:<br \/>\n<\/u><br \/>\na) Bacteriolog\u00eda, Arte y Decoraci\u00f3n, Secretariado: aulas de las Facultades Femeninas. R.P. \u00c1lvaro Jim\u00e9nez.<br \/>\nb) Las Se\u00f1oritas de las dem\u00e1s Facultades: Colegio de Mar\u00eda Auxiliadora. R.P. \u00c1lvaro Jim\u00e9nez.<\/p>\n<p>El horario de las conferencias ser\u00e1 dado oportunamente a conocer. La clausura de los ejercicios se har\u00e1 con una Misa solemne, el s\u00e1bado 29, en los mismos lugares.<\/p>\n","protected":false},"excerpt":{"rendered":"<p>Como preparaci\u00f3n a la Semana Santa, y en cumplimiento de las normas reglamentarias de la Universidad, los javerianos de ambos sexos cumplir\u00e1n su per\u00edodo de ejercicios espirituales, durante los d\u00edas 26, 27 y 28 de febrero, con la siguiente organizaci\u00f3n: Para varones: 1) Medicina, Odontolog\u00eda: Colegio de S. Bartolom\u00e9 La Merced. R.P. Eduardo Arcusa. 2) Derecho, Ingenier\u00eda Civil: Iglesia de Santa Teresita. R.P. Eduardo Brice\u00f1o, S.J. 3) Arquitectura, Ingenier\u00eda Electr\u00f3nica, Ciencias Sociales , Econom\u00eda, Filosof\u00eda y Letras, Derecho Can\u00f3nico y Periodismo: Sal\u00f3n de Actos de las Facultades Femeninas. R.P. Alfonso Borrero, S.J. 4) Ciencias de la Educaci\u00f3n: Sal\u00f3n de grados de las Facultades Civiles, 1er. piso. R.P. J. Rafael Arboleda, S.J. Para Se\u00f1oritas: a) Bacteriolog\u00eda, Arte y Decoraci\u00f3n, Secretariado: aulas[&hellip;]<\/p>\n","protected":false},"author":1,"featured_media":1866,"comment_status":"closed","ping_status":"closed","sticky":false,"template":"","format":"standard","meta":{"footnotes":""},"categories":[105],"tags":[1836,631,116,77,76,5232,1498,3590,6297,126,74,926,6292,6298,3361,6295,3146,164,4196,69,4245,283,374,72,115,75,2437,6299,6296],"class_list":["post-4729","post","type-post","status-publish","format-standard","has-post-thumbnail","hentry","category-institucional","tag-alfonso-borrero","tag-alvaro-jimenez","tag-arquitectura","tag-arte-y-decoracion","tag-bacteriologia","tag-ciencias-de-la-educacion","tag-ciencias-sociales","tag-colegio-de-maria-auxiliadora","tag-colegio-de-s-bartolome-la-merced","tag-derecho","tag-derecho-canonico","tag-economia","tag-edicion-171","tag-eduardo-arcusa","tag-eduardo-briceno","tag-ejercicios-espirituales-para-los-javerianos","tag-facultades-civiles","tag-facultades-femeninas","tag-febrero-1964","tag-filosofia-y-letras","tag-iglesia-de-santa-teresita","tag-ingenieria-civil","tag-ingenieria-electronica","tag-medicina","tag-odontologia","tag-periodismo","tag-rafael-arboleda","tag-secretariado","tag-semana-santa"],"acf":[],"_links":{"self":[{"href":"https:\/\/www.javeriana.edu.co\/repositorio-hoy-en-la-javeriana\/wp-json\/wp\/v2\/posts\/4729","targetHints":{"allow":["GET"]}}],"collection":[{"href":"https:\/\/www.javeriana.edu.co\/repositorio-hoy-en-la-javeriana\/wp-json\/wp\/v2\/posts"}],"about":[{"href":"https:\/\/www.javeriana.edu.co\/repositorio-hoy-en-la-javeriana\/wp-json\/wp\/v2\/types\/post"}],"author":[{"embeddable":true,"href":"https:\/\/www.javeriana.edu.co\/repositorio-hoy-en-la-javeriana\/wp-json\/wp\/v2\/users\/1"}],"replies":[{"embeddable":true,"href":"https:\/\/www.javeriana.edu.co\/repositorio-hoy-en-la-javeriana\/wp-json\/wp\/v2\/comments?post=4729"}],"version-history":[{"count":0,"href":"https:\/\/www.javeriana.edu.co\/repositorio-hoy-en-la-javeriana\/wp-json\/wp\/v2\/posts\/4729\/revisions"}],"wp:featuredmedia":[{"embeddable":true,"href":"https:\/\/www.javeriana.edu.co\/repositorio-hoy-en-la-javeriana\/wp-json\/wp\/v2\/media\/1866"}],"wp:attachment":[{"href":"https:\/\/www.javeriana.edu.co\/repositorio-hoy-en-la-javeriana\/wp-json\/wp\/v2\/media?parent=4729"}],"wp:term":[{"taxonomy":"category","embeddable":true,"href":"https:\/\/www.javeriana.edu.co\/repositorio-hoy-en-la-javeriana\/wp-json\/wp\/v2\/categories?post=4729"},{"taxonomy":"post_tag","embeddable":true,"href":"https:\/\/www.javeriana.edu.co\/repositorio-hoy-en-la-javeriana\/wp-json\/wp\/v2\/tags?post=4729"}],"curies":[{"name":"wp","href":"https:\/\/api.w.org\/{rel}","templated":true}]}}