{"id":4747,"date":"1964-03-10T09:44:02","date_gmt":"1964-03-10T14:44:02","guid":{"rendered":"https:\/\/masifica.co\/hoyenlajaveriana\/?p=4747"},"modified":"2019-08-09T09:47:22","modified_gmt":"2019-08-09T14:47:22","slug":"general-electric-obsequia-equipo-al-hospital-san-ignacio","status":"publish","type":"post","link":"https:\/\/www.javeriana.edu.co\/repositorio-hoy-en-la-javeriana\/general-electric-obsequia-equipo-al-hospital-san-ignacio\/","title":{"rendered":"General Electric obsequia equipo al Hospital San Ignacio"},"content":{"rendered":"<p>General Electric de Colombia acaba de obsequiar un equipo al Hospital de San Ignacio, que ser\u00e1 destinado a la Sala Infantil de Emergencia. Dicho equipo tiene un valor de $ 20.080.00 y consta de un mueble para equipo de deshidrataci\u00f3n, un resucitador, cinco reguladores de oxigenoterapia, cuatro tiendas de ox\u00edgeno, tres equipos de traqueotom\u00eda, dos equipos de succi\u00f3n, tres equipos para peque\u00f1a cirugra y un vasto surtido de material para inyecto logra. Adem\u00e1s de esta contribuci\u00f3n, General Electric obsequi\u00f3 la suma de $ 12.000.00 en efectivo, con el fin de ayudar al sostenimiento del personal necesario para el debido funcionamiento de la Sala Infantil de Emergencia, cuyo \u00e9xito se deber\u00e1 en gran parte a esta generosa donaci\u00f3n.<\/p>\n","protected":false},"excerpt":{"rendered":"<p>General Electric de Colombia acaba de obsequiar un equipo al Hospital de San Ignacio, que ser\u00e1 destinado a la Sala Infantil de Emergencia. Dicho equipo tiene un valor de $ 20.080.00 y consta de un mueble para equipo de deshidrataci\u00f3n, un resucitador, cinco reguladores de oxigenoterapia, cuatro tiendas de ox\u00edgeno, tres equipos de traqueotom\u00eda, dos equipos de succi\u00f3n, tres equipos para peque\u00f1a cirugra y un vasto surtido de material para inyecto logra. Adem\u00e1s de esta contribuci\u00f3n, General Electric obsequi\u00f3 la suma de $ 12.000.00 en efectivo, con el fin de ayudar al sostenimiento del personal necesario para el debido funcionamiento de la Sala Infantil de Emergencia, cuyo \u00e9xito se deber\u00e1 en gran parte a esta generosa donaci\u00f3n.<\/p>\n","protected":false},"author":1,"featured_media":1866,"comment_status":"closed","ping_status":"closed","sticky":false,"template":"","format":"standard","meta":{"footnotes":""},"categories":[105],"tags":[6332,6334,6333,158,6303,6335],"class_list":["post-4747","post","type-post","status-publish","format-standard","has-post-thumbnail","hentry","category-institucional","tag-edicion-174","tag-general-electric-de-colombia","tag-general-electric-obsequia-equipo-al-hospital-san-ignacio","tag-hospital-de-san-ignacio","tag-marzo-1964","tag-sala-infantil-de-emergencia"],"acf":[],"_links":{"self":[{"href":"https:\/\/www.javeriana.edu.co\/repositorio-hoy-en-la-javeriana\/wp-json\/wp\/v2\/posts\/4747","targetHints":{"allow":["GET"]}}],"collection":[{"href":"https:\/\/www.javeriana.edu.co\/repositorio-hoy-en-la-javeriana\/wp-json\/wp\/v2\/posts"}],"about":[{"href":"https:\/\/www.javeriana.edu.co\/repositorio-hoy-en-la-javeriana\/wp-json\/wp\/v2\/types\/post"}],"author":[{"embeddable":true,"href":"https:\/\/www.javeriana.edu.co\/repositorio-hoy-en-la-javeriana\/wp-json\/wp\/v2\/users\/1"}],"replies":[{"embeddable":true,"href":"https:\/\/www.javeriana.edu.co\/repositorio-hoy-en-la-javeriana\/wp-json\/wp\/v2\/comments?post=4747"}],"version-history":[{"count":0,"href":"https:\/\/www.javeriana.edu.co\/repositorio-hoy-en-la-javeriana\/wp-json\/wp\/v2\/posts\/4747\/revisions"}],"wp:featuredmedia":[{"embeddable":true,"href":"https:\/\/www.javeriana.edu.co\/repositorio-hoy-en-la-javeriana\/wp-json\/wp\/v2\/media\/1866"}],"wp:attachment":[{"href":"https:\/\/www.javeriana.edu.co\/repositorio-hoy-en-la-javeriana\/wp-json\/wp\/v2\/media?parent=4747"}],"wp:term":[{"taxonomy":"category","embeddable":true,"href":"https:\/\/www.javeriana.edu.co\/repositorio-hoy-en-la-javeriana\/wp-json\/wp\/v2\/categories?post=4747"},{"taxonomy":"post_tag","embeddable":true,"href":"https:\/\/www.javeriana.edu.co\/repositorio-hoy-en-la-javeriana\/wp-json\/wp\/v2\/tags?post=4747"}],"curies":[{"name":"wp","href":"https:\/\/api.w.org\/{rel}","templated":true}]}}