{"id":4749,"date":"1964-03-10T09:49:43","date_gmt":"1964-03-10T14:49:43","guid":{"rendered":"https:\/\/masifica.co\/hoyenlajaveriana\/?p=4749"},"modified":"2019-08-09T09:51:11","modified_gmt":"2019-08-09T14:51:11","slug":"homenaje-al-embajador-fulton-freeman","status":"publish","type":"post","link":"https:\/\/www.javeriana.edu.co\/repositorio-hoy-en-la-javeriana\/homenaje-al-embajador-fulton-freeman\/","title":{"rendered":"Homenaje al Embajador Fulton Freeman"},"content":{"rendered":"<p>Homenaje de simpat\u00eda ofrecen esta tarde al Embajador de los Estados Unidos en Colombia, Sr. Fulton Freeman, los Rectores de las principales Universidades del pa\u00eds, entre ellas la Universidad Javeriana. El acto se llevar\u00e1 a cabo a las 6 de la tarde en los salones del \u00abClub Javeriano\u00bb. En esta forma las universidades colombianas se vinculan a la serie de despedidas que se le est\u00e1n tributando al Sr. Freeman, quien ha sido trasladado como Embajador de su pa\u00eds en M\u00e9xico.<\/p>\n","protected":false},"excerpt":{"rendered":"<p>Homenaje de simpat\u00eda ofrecen esta tarde al Embajador de los Estados Unidos en Colombia, Sr. Fulton Freeman, los Rectores de las principales Universidades del pa\u00eds, entre ellas la Universidad Javeriana. El acto se llevar\u00e1 a cabo a las 6 de la tarde en los salones del \u00abClub Javeriano\u00bb. En esta forma las universidades colombianas se vinculan a la serie de despedidas que se le est\u00e1n tributando al Sr. Freeman, quien ha sido trasladado como Embajador de su pa\u00eds en M\u00e9xico.<\/p>\n","protected":false},"author":1,"featured_media":1866,"comment_status":"closed","ping_status":"closed","sticky":false,"template":"","format":"standard","meta":{"footnotes":""},"categories":[105],"tags":[2812,429,6332,33,4498,6336,6303,558],"class_list":["post-4749","post","type-post","status-publish","format-standard","has-post-thumbnail","hentry","category-institucional","tag-club-javeriano","tag-colombia","tag-edicion-174","tag-estados-unidos","tag-fulton-freeman","tag-homenaje-al-embajador-fulton-freeman","tag-marzo-1964","tag-mexico"],"acf":[],"_links":{"self":[{"href":"https:\/\/www.javeriana.edu.co\/repositorio-hoy-en-la-javeriana\/wp-json\/wp\/v2\/posts\/4749","targetHints":{"allow":["GET"]}}],"collection":[{"href":"https:\/\/www.javeriana.edu.co\/repositorio-hoy-en-la-javeriana\/wp-json\/wp\/v2\/posts"}],"about":[{"href":"https:\/\/www.javeriana.edu.co\/repositorio-hoy-en-la-javeriana\/wp-json\/wp\/v2\/types\/post"}],"author":[{"embeddable":true,"href":"https:\/\/www.javeriana.edu.co\/repositorio-hoy-en-la-javeriana\/wp-json\/wp\/v2\/users\/1"}],"replies":[{"embeddable":true,"href":"https:\/\/www.javeriana.edu.co\/repositorio-hoy-en-la-javeriana\/wp-json\/wp\/v2\/comments?post=4749"}],"version-history":[{"count":0,"href":"https:\/\/www.javeriana.edu.co\/repositorio-hoy-en-la-javeriana\/wp-json\/wp\/v2\/posts\/4749\/revisions"}],"wp:featuredmedia":[{"embeddable":true,"href":"https:\/\/www.javeriana.edu.co\/repositorio-hoy-en-la-javeriana\/wp-json\/wp\/v2\/media\/1866"}],"wp:attachment":[{"href":"https:\/\/www.javeriana.edu.co\/repositorio-hoy-en-la-javeriana\/wp-json\/wp\/v2\/media?parent=4749"}],"wp:term":[{"taxonomy":"category","embeddable":true,"href":"https:\/\/www.javeriana.edu.co\/repositorio-hoy-en-la-javeriana\/wp-json\/wp\/v2\/categories?post=4749"},{"taxonomy":"post_tag","embeddable":true,"href":"https:\/\/www.javeriana.edu.co\/repositorio-hoy-en-la-javeriana\/wp-json\/wp\/v2\/tags?post=4749"}],"curies":[{"name":"wp","href":"https:\/\/api.w.org\/{rel}","templated":true}]}}